{"id":589,"date":"2018-06-26T00:09:44","date_gmt":"2018-06-25T22:09:44","guid":{"rendered":"https:\/\/www.stokstaartje.nl\/mijn-folkit-blog\/?p=589"},"modified":"2018-09-23T18:15:12","modified_gmt":"2018-09-23T16:15:12","slug":"folkit-12-juli-2018-deolinda-en-a-naifa","status":"publish","type":"post","link":"https:\/\/www.stokstaartje.nl\/mijn-folkit-blog\/2018\/06\/26\/folkit-12-juli-2018-deolinda-en-a-naifa\/","title":{"rendered":"FolkIt, 12 juli 2018: Deolinda en A Naifa"},"content":{"rendered":"<p>Vanavond muziek uit Portugal<\/p>\n<p>beluister het programma:<br \/>\n<audio class=\"wp-audio-shortcode\" id=\"audio-589-1\" preload=\"none\" style=\"width: 100%;\" controls=\"controls\"><source type=\"audio\/mpeg\" src=\"https:\/\/www.stokstaartje.nl\/mijn-folkit-blog\/radio\/20180712.mp3?_=1\" \/><a href=\"https:\/\/www.stokstaartje.nl\/mijn-folkit-blog\/radio\/20180712.mp3\">https:\/\/www.stokstaartje.nl\/mijn-folkit-blog\/radio\/20180712.mp3<\/a><\/audio><\/p>\n<p><strong>Deolinda<\/strong> <a href=\"https:\/\/en.wikipedia.org\/wiki\/Deolinda\" rel=\"noopener\" target=\"_blank\">Wikipedia<\/a> | <a href=\"http:\/\/deolinda.com.pt\/\" rel=\"noopener\" target=\"_blank\">website<\/a><\/p>\n<p><img loading=\"lazy\" decoding=\"async\" src=\"https:\/\/www.stokstaartje.nl\/mijn-folkit-blog\/wp-content\/uploads\/2018\/07\/Deolinda-1024x683.jpg\" alt=\"\" width=\"840\" height=\"560\" class=\"alignnone size-large wp-image-601\" srcset=\"https:\/\/www.stokstaartje.nl\/mijn-folkit-blog\/wp-content\/uploads\/2018\/07\/Deolinda-1024x683.jpg 1024w, https:\/\/www.stokstaartje.nl\/mijn-folkit-blog\/wp-content\/uploads\/2018\/07\/Deolinda-300x200.jpg 300w, https:\/\/www.stokstaartje.nl\/mijn-folkit-blog\/wp-content\/uploads\/2018\/07\/Deolinda-768x512.jpg 768w, https:\/\/www.stokstaartje.nl\/mijn-folkit-blog\/wp-content\/uploads\/2018\/07\/Deolinda.jpg 1200w\" sizes=\"auto, (max-width: 709px) 85vw, (max-width: 909px) 67vw, (max-width: 1362px) 62vw, 840px\" \/><\/p>\n<p>Portugal heeft een rijke traditie op het gebied van volksmuziek, waarbij de fado in Nederland wellicht het bekendste is. Vanavond twee relatief jonge groepen die gebruik maken van deze traditie: Deolinda en A Naifa. Deolinda kiest voor een een tamelijk traditionele aanpak. Deolinda is vernoemd naar een fictieve vrouw die verzot is op Fado en commentaar levert op het hedendaagse Portugal. De muziek van Deolinda, soms neofado genoemd, is vrolijker dan de gemiddelde fado. In dit programma hoort u ook Um Contra O Outro, uit 2010, dat destijds in Portugal een bescheiden hit was. Daarna hoort u  Monotone, uit 2006, van A Naifa, waarin meteen te horen is dat A Naifa voor een wat minder traditionele aanpak kiest.<\/p>\n<p><iframe loading=\"lazy\" width=\"840\" height=\"630\" src=\"https:\/\/www.youtube.com\/embed\/Qxv9s3PTIzY?feature=oembed\" frameborder=\"0\" allow=\"autoplay; encrypted-media\" allowfullscreen><\/iframe><\/p>\n<p><strong>A Naifa<\/strong> <a href=\"https:\/\/en.wikipedia.org\/wiki\/A_Naifa\" rel=\"noopener\" target=\"_blank\">Wikipedia<\/a> | <a href=\"http:\/\/www.anaifa.com\/\" rel=\"noopener\" target=\"_blank\">website<\/a><\/p>\n<p><img loading=\"lazy\" decoding=\"async\" src=\"https:\/\/www.stokstaartje.nl\/mijn-folkit-blog\/wp-content\/uploads\/2018\/07\/a-naifa.jpg\" alt=\"\" width=\"280\" height=\"232\" class=\"alignnone size-full wp-image-604\" \/><\/p>\n<p>A Naifa is de tweede Portugese groep in dit programma. A Naifa maakt, evenals Deolinda, muziek die hoorbaar voortkomt uit de Portugese traditie. Daar waar Deolinda instrumenten gebruikt die niet misstaan in de Portugese fado-traditie maakt A Naifa gebuikt van instrumenten die eerder thuishoren in de pop- en electronische muziek.<\/p>\n<p><iframe loading=\"lazy\" width=\"840\" height=\"630\" src=\"https:\/\/www.youtube.com\/embed\/UQqsmfQB9GM?feature=oembed\" frameborder=\"0\" allow=\"autoplay; encrypted-media\" allowfullscreen><\/iframe><\/p>\n<p><img loading=\"lazy\" decoding=\"async\" src=\"https:\/\/www.stokstaartje.nl\/mijn-folkit-blog\/wp-content\/uploads\/2018\/07\/Deolinda-Mundo_Pequenino.jpg\" alt=\"\" width=\"300\" height=\"300\" class=\"alignnone size-full wp-image-609\" srcset=\"https:\/\/www.stokstaartje.nl\/mijn-folkit-blog\/wp-content\/uploads\/2018\/07\/Deolinda-Mundo_Pequenino.jpg 300w, https:\/\/www.stokstaartje.nl\/mijn-folkit-blog\/wp-content\/uploads\/2018\/07\/Deolinda-Mundo_Pequenino-150x150.jpg 150w\" sizes=\"auto, (max-width: 300px) 85vw, 300px\" \/><\/p>\n<p><img loading=\"lazy\" decoding=\"async\" src=\"https:\/\/www.stokstaartje.nl\/mijn-folkit-blog\/wp-content\/uploads\/2018\/07\/A_Naifa-Uma_Inocente_Inclina\u00e7\u00e3o_Para_O_Mal.jpg\" alt=\"\" width=\"300\" height=\"298\" class=\"alignnone size-full wp-image-610\" srcset=\"https:\/\/www.stokstaartje.nl\/mijn-folkit-blog\/wp-content\/uploads\/2018\/07\/A_Naifa-Uma_Inocente_Inclina\u00e7\u00e3o_Para_O_Mal.jpg 300w, https:\/\/www.stokstaartje.nl\/mijn-folkit-blog\/wp-content\/uploads\/2018\/07\/A_Naifa-Uma_Inocente_Inclina\u00e7\u00e3o_Para_O_Mal-150x150.jpg 150w\" sizes=\"auto, (max-width: 300px) 85vw, 300px\" \/><\/p>\n<hr>\n<p>playlist:<br \/>\n<OL><\/p>\n<li><strong>Concord\u00e2ncia<\/strong>, Deolinda (3:00) Mundo Pequenino (2013) <i>[Universal Music Portugal 0602537330782]<\/i>\n<li><strong>Um Contra O Outro<\/strong>, Deolinda (3:36) Dois Selos E Um Carimbo (2010) <i>[EMI Music Portugal 50999 6 40940 2 1]<\/i>\n<li><strong>Monotone<\/strong>, A Naifa (3:05) 3 Minutos Antes De A Mar\u00e9 Encher (2006) <i>[Zona M\u00fasica ZM00179]<\/i>\n<li><strong>Gente Torta<\/strong>, Deolinda (2:58) Mundo Pequenino (2013) <i>[Universal Music Portugal 0602537330782]<\/i>\n<li><strong>H\u00e1-De Passar<\/strong>, Deolinda (2:27) Mundo Pequenino (2013) <i>[Universal Music Portugal 0602537330782]<\/i>\n<li><strong>F\u00e9<\/strong>, A Naifa (4:03) 3 Minutos Antes De A Mar\u00e9 Encher (2006) <i>[Zona M\u00fasica ZM00179]<\/i>\n<li><strong>Apenas Durmo Mal<\/strong>, A Naifa (2:48) Uma Inocente Inclina\u00e7\u00e3o Para O Mal (2008) <i>[Lisboa Records LX003]<\/i>\n<li><strong>Quando Janto Em Restaurantes<\/strong>, Deolinda (2:26) Dois Selos E Um Carimbo (2010) <i>[EMI Music Portugal 50999 6 40940 2 1]<\/i>\n<li><strong>Fado Castigo<\/strong>, Deolinda (4:33) Can\u00e7\u00e3o Ao Lado (2009) <i>[EMI 7 29807 2]<\/i>\n<li><strong>Bairro Velho<\/strong>, A Naifa (4:23) Can\u00e7\u00f5es Subterr\u00e2neas (2004) <i>[Columbia COL 517186 2]<\/i>\n<li><strong>Inquieta\u00e7\u00e3o<\/strong>, A Naifa (3:48) As Can\u00e7\u00f5es D&#8217;A Naifa (2013) <i>[Antena Portuguesa 0825646366095]<\/i>\n<li><strong>Homenagem A 4 Poetas E 1 Cineasta &#8211; N\u00e3o H\u00e1 Mais Mundos<\/strong>, A Naifa (4:04) N\u00e3o Se Deitam Comigo Cora\u00e7\u00f5es Obedientes (2012) <i>[Antena Portuguesa AP001 SPA2012]<\/i>\n<li><strong>Nas Tuas M\u00e2os Vazias<\/strong>, A Naifa (4:05) Uma Inocente Inclina\u00e7\u00e3o Para O Mal (2008) <i>[Lisboa Records LX003]<\/i>\n<li><strong>N\u00e3o Ouviste Nada<\/strong>, Deolinda (4:16) Mundo Pequenino (2013) <i>[Universal Music Portugal 0602537330782]<\/i>\n<li><strong>Apanhada A Roubar<\/strong>, A Naifa (2:01) Uma Inocente Inclina\u00e7\u00e3o Para O Mal (2008) <i>[Lisboa Records LX003]<\/i>\n<li><strong>Contado Ningu\u00e9m Acredita<\/strong>, Deolinda (3:47) No Coliseu Dos Recreios (2011) <i>[EMI Music Portugal 50999 0 91512 2 2]<\/i>\n<li><strong>Porque Me Tra\u00edste Tanto<\/strong>, A Naifa (10:55) 3 Minutos Antes De A Mar\u00e9 Encher (2006) <i>[Zona M\u00fasica ZM00179]<\/i><br \/>\n<\/OL><\/p>\n","protected":false},"excerpt":{"rendered":"<p>Vanavond muziek uit Portugal beluister het programma: Deolinda Wikipedia | website Portugal heeft een rijke traditie op het gebied van volksmuziek, waarbij de fado in Nederland wellicht het bekendste is. Vanavond twee relatief jonge groepen die gebruik maken van deze traditie: Deolinda en A Naifa. Deolinda kiest voor een een tamelijk traditionele aanpak. Deolinda is &hellip; <a href=\"https:\/\/www.stokstaartje.nl\/mijn-folkit-blog\/2018\/06\/26\/folkit-12-juli-2018-deolinda-en-a-naifa\/\" class=\"more-link\">Lees verder <span class=\"screen-reader-text\">&#8220;FolkIt, 12 juli 2018: Deolinda en A Naifa&#8221;<\/span><\/a><\/p>\n","protected":false},"author":1,"featured_media":0,"comment_status":"open","ping_status":"open","sticky":false,"template":"","format":"standard","meta":{"footnotes":""},"categories":[1],"tags":[],"class_list":["post-589","post","type-post","status-publish","format-standard","hentry","category-geen-categorie"],"_links":{"self":[{"href":"https:\/\/www.stokstaartje.nl\/mijn-folkit-blog\/wp-json\/wp\/v2\/posts\/589","targetHints":{"allow":["GET"]}}],"collection":[{"href":"https:\/\/www.stokstaartje.nl\/mijn-folkit-blog\/wp-json\/wp\/v2\/posts"}],"about":[{"href":"https:\/\/www.stokstaartje.nl\/mijn-folkit-blog\/wp-json\/wp\/v2\/types\/post"}],"author":[{"embeddable":true,"href":"https:\/\/www.stokstaartje.nl\/mijn-folkit-blog\/wp-json\/wp\/v2\/users\/1"}],"replies":[{"embeddable":true,"href":"https:\/\/www.stokstaartje.nl\/mijn-folkit-blog\/wp-json\/wp\/v2\/comments?post=589"}],"version-history":[{"count":18,"href":"https:\/\/www.stokstaartje.nl\/mijn-folkit-blog\/wp-json\/wp\/v2\/posts\/589\/revisions"}],"predecessor-version":[{"id":598,"href":"https:\/\/www.stokstaartje.nl\/mijn-folkit-blog\/wp-json\/wp\/v2\/posts\/589\/revisions\/598"}],"wp:attachment":[{"href":"https:\/\/www.stokstaartje.nl\/mijn-folkit-blog\/wp-json\/wp\/v2\/media?parent=589"}],"wp:term":[{"taxonomy":"category","embeddable":true,"href":"https:\/\/www.stokstaartje.nl\/mijn-folkit-blog\/wp-json\/wp\/v2\/categories?post=589"},{"taxonomy":"post_tag","embeddable":true,"href":"https:\/\/www.stokstaartje.nl\/mijn-folkit-blog\/wp-json\/wp\/v2\/tags?post=589"}],"curies":[{"name":"wp","href":"https:\/\/api.w.org\/{rel}","templated":true}]}}