{"id":5323,"date":"2025-12-17T02:22:13","date_gmt":"2025-12-17T01:22:13","guid":{"rendered":"https:\/\/www.stokstaartje.nl\/mijn-folkit-blog\/?p=5323"},"modified":"2025-12-17T02:26:03","modified_gmt":"2025-12-17T01:26:03","slug":"26-december-2025-folkit-mediterranee-met-recente-spaanse-releases","status":"publish","type":"post","link":"https:\/\/www.stokstaartje.nl\/mijn-folkit-blog\/2025\/12\/17\/26-december-2025-folkit-mediterranee-met-recente-spaanse-releases\/","title":{"rendered":"26 december 2025: FolkIt Mediterranee met recente Catalaanse releases"},"content":{"rendered":"<p>enkele nieuwe Catalaanse releases van <a href=\"https:\/\/www.microscopi.cat\/shop?Estils=WORLD\" target=\"_blank\" rel=\"noopener\">Segell Microscopi<\/a><\/p>\n<p>playlist:<\/p>\n<ol>\n<li><b>La Baula<\/b>. Adeu, Susanna. (<i>Can\u00e7ons a l&#8217;ombra, 2025<\/i>; 02:37)<\/li>\n<li><b>La Baula<\/b>. La mort de Pare Jordi. (<i>Can\u00e7ons a l&#8217;ombra, 2025<\/i>; 02:52)<\/li>\n<li><b>La Baula<\/b>. Contrap\u00e0s de broma. (<i>Can\u00e7ons a l&#8217;ombra, 2025<\/i>; 02:33)<\/li>\n<li><b>La Baula<\/b>. La flor blava. (<i>Can\u00e7ons a l&#8217;ombra, 2025<\/i>; 03:31)<\/li>\n<li><b>Terrae<\/b>. Ja No Em Vols. (<i>Nostre Gra, 2025<\/i>; 03:02)<\/li>\n<li><b>Terrae<\/b>. Delta. (<i>Nostre Gra, 2025<\/i>; 04:19)<\/li>\n<li><b>Terrae<\/b>. En El Frente De Gandesa. (<i>Nostre Gra, 2025<\/i>; 02:56)<\/li>\n<li><b>Terrae<\/b>. La Clavellinera. (<i>Nostre Gra, 2025<\/i>; 03:11)<\/li>\n<li><b>Arnau Obiols<\/b>. A trenc d&#8217;aquesta hora . (<i>Ocelltambor, 2025<\/i>; 02:55)<\/li>\n<li><b>Arnau Obiols<\/b>. Brogit secret. (<i>Ocelltambor, 2025<\/i>; 03:35)<\/li>\n<li><b>Arnau Obiols<\/b>. Fontsagrada. (<i>Ocelltambor, 2025<\/i>; 02:49)<\/li>\n<li><b>Arnau Obiols<\/b>. S\u00e0mara. (<i>Ocelltambor, 2025<\/i>; 03:46)<\/li>\n<li><b>Arnau Obiols<\/b>. A viure. (<i>Ocelltambor, 2025<\/i>; 03:56)<\/li>\n<li><b>Carmela<\/b>. Lina E Lola. Fumaces. (<i>Vinde Todas, 2024<\/i>; 02:34)<\/li>\n<li><b>Carmela<\/b>. Hermosinda E AS Otilias. Los Loreles. (<i>Vinde Todas, 2024<\/i>; 03:50)<\/li>\n<li><b>Carmela<\/b>. Julia. Rosi\u00f1a. (<i>Vinde Todas, 2024<\/i>; 03:39)<\/li>\n<li><b>Carmela<\/b>. Severina. A Rusia Pequena. (<i>Vinde Todas, 2024<\/i>; 05:14)<\/li>\n<\/ol>\n<div id='gallery-1' class='gallery galleryid-5323 gallery-columns-2 gallery-size-medium'><figure class='gallery-item'>\n\t\t\t<div class='gallery-icon landscape'>\n\t\t\t\t<img loading=\"lazy\" decoding=\"async\" width=\"300\" height=\"271\" src=\"https:\/\/www.stokstaartje.nl\/mijn-folkit-blog\/wp-content\/uploads\/2025\/12\/cover-01-5-300x271.jpg\" class=\"attachment-medium size-medium\" alt=\"\" srcset=\"https:\/\/www.stokstaartje.nl\/mijn-folkit-blog\/wp-content\/uploads\/2025\/12\/cover-01-5-300x271.jpg 300w, https:\/\/www.stokstaartje.nl\/mijn-folkit-blog\/wp-content\/uploads\/2025\/12\/cover-01-5.jpg 512w\" sizes=\"auto, (max-width: 300px) 85vw, 300px\" \/>\n\t\t\t<\/div><\/figure><figure class='gallery-item'>\n\t\t\t<div class='gallery-icon landscape'>\n\t\t\t\t<img loading=\"lazy\" decoding=\"async\" width=\"300\" height=\"261\" src=\"https:\/\/www.stokstaartje.nl\/mijn-folkit-blog\/wp-content\/uploads\/2025\/12\/cover-02-5-300x261.jpg\" class=\"attachment-medium size-medium\" alt=\"\" srcset=\"https:\/\/www.stokstaartje.nl\/mijn-folkit-blog\/wp-content\/uploads\/2025\/12\/cover-02-5-300x261.jpg 300w, https:\/\/www.stokstaartje.nl\/mijn-folkit-blog\/wp-content\/uploads\/2025\/12\/cover-02-5.jpg 512w\" sizes=\"auto, (max-width: 300px) 85vw, 300px\" \/>\n\t\t\t<\/div><\/figure><figure class='gallery-item'>\n\t\t\t<div class='gallery-icon landscape'>\n\t\t\t\t<img loading=\"lazy\" decoding=\"async\" width=\"300\" height=\"300\" src=\"https:\/\/www.stokstaartje.nl\/mijn-folkit-blog\/wp-content\/uploads\/2025\/12\/cover-03-5-300x300.jpg\" class=\"attachment-medium size-medium\" alt=\"\" srcset=\"https:\/\/www.stokstaartje.nl\/mijn-folkit-blog\/wp-content\/uploads\/2025\/12\/cover-03-5-300x300.jpg 300w, https:\/\/www.stokstaartje.nl\/mijn-folkit-blog\/wp-content\/uploads\/2025\/12\/cover-03-5-150x150.jpg 150w, https:\/\/www.stokstaartje.nl\/mijn-folkit-blog\/wp-content\/uploads\/2025\/12\/cover-03-5.jpg 512w\" sizes=\"auto, (max-width: 300px) 85vw, 300px\" \/>\n\t\t\t<\/div><\/figure><figure class='gallery-item'>\n\t\t\t<div class='gallery-icon landscape'>\n\t\t\t\t<img loading=\"lazy\" decoding=\"async\" width=\"300\" height=\"277\" src=\"https:\/\/www.stokstaartje.nl\/mijn-folkit-blog\/wp-content\/uploads\/2025\/12\/cover-04-5-300x277.jpg\" class=\"attachment-medium size-medium\" alt=\"\" srcset=\"https:\/\/www.stokstaartje.nl\/mijn-folkit-blog\/wp-content\/uploads\/2025\/12\/cover-04-5-300x277.jpg 300w, https:\/\/www.stokstaartje.nl\/mijn-folkit-blog\/wp-content\/uploads\/2025\/12\/cover-04-5.jpg 512w\" sizes=\"auto, (max-width: 300px) 85vw, 300px\" \/>\n\t\t\t<\/div><\/figure>\n\t\t<\/div>\n\n","protected":false},"excerpt":{"rendered":"<p>enkele nieuwe Catalaanse releases van Segell Microscopi playlist: La Baula. Adeu, Susanna. (Can\u00e7ons a l&#8217;ombra, 2025; 02:37) La Baula. La mort de Pare Jordi. (Can\u00e7ons a l&#8217;ombra, 2025; 02:52) La Baula. Contrap\u00e0s de broma. (Can\u00e7ons a l&#8217;ombra, 2025; 02:33) La Baula. La flor blava. (Can\u00e7ons a l&#8217;ombra, 2025; 03:31) Terrae. Ja No Em Vols. (Nostre &hellip; <a href=\"https:\/\/www.stokstaartje.nl\/mijn-folkit-blog\/2025\/12\/17\/26-december-2025-folkit-mediterranee-met-recente-spaanse-releases\/\" class=\"more-link\">Lees verder <span class=\"screen-reader-text\">&#8220;26 december 2025: FolkIt Mediterranee met recente Catalaanse releases&#8221;<\/span><\/a><\/p>\n","protected":false},"author":1,"featured_media":0,"comment_status":"closed","ping_status":"closed","sticky":false,"template":"","format":"standard","meta":{"footnotes":""},"categories":[1],"tags":[],"class_list":["post-5323","post","type-post","status-publish","format-standard","hentry","category-geen-categorie"],"_links":{"self":[{"href":"https:\/\/www.stokstaartje.nl\/mijn-folkit-blog\/wp-json\/wp\/v2\/posts\/5323","targetHints":{"allow":["GET"]}}],"collection":[{"href":"https:\/\/www.stokstaartje.nl\/mijn-folkit-blog\/wp-json\/wp\/v2\/posts"}],"about":[{"href":"https:\/\/www.stokstaartje.nl\/mijn-folkit-blog\/wp-json\/wp\/v2\/types\/post"}],"author":[{"embeddable":true,"href":"https:\/\/www.stokstaartje.nl\/mijn-folkit-blog\/wp-json\/wp\/v2\/users\/1"}],"replies":[{"embeddable":true,"href":"https:\/\/www.stokstaartje.nl\/mijn-folkit-blog\/wp-json\/wp\/v2\/comments?post=5323"}],"version-history":[{"count":3,"href":"https:\/\/www.stokstaartje.nl\/mijn-folkit-blog\/wp-json\/wp\/v2\/posts\/5323\/revisions"}],"predecessor-version":[{"id":5331,"href":"https:\/\/www.stokstaartje.nl\/mijn-folkit-blog\/wp-json\/wp\/v2\/posts\/5323\/revisions\/5331"}],"wp:attachment":[{"href":"https:\/\/www.stokstaartje.nl\/mijn-folkit-blog\/wp-json\/wp\/v2\/media?parent=5323"}],"wp:term":[{"taxonomy":"category","embeddable":true,"href":"https:\/\/www.stokstaartje.nl\/mijn-folkit-blog\/wp-json\/wp\/v2\/categories?post=5323"},{"taxonomy":"post_tag","embeddable":true,"href":"https:\/\/www.stokstaartje.nl\/mijn-folkit-blog\/wp-json\/wp\/v2\/tags?post=5323"}],"curies":[{"name":"wp","href":"https:\/\/api.w.org\/{rel}","templated":true}]}}