{"id":529,"date":"2018-04-27T02:41:58","date_gmt":"2018-04-27T00:41:58","guid":{"rendered":"https:\/\/www.stokstaartje.nl\/mijn-folkit-blog\/?p=529"},"modified":"2023-08-10T23:25:13","modified_gmt":"2023-08-10T21:25:13","slug":"folkit-10-mei-2018-louise-ebrel-en-soig-siberil","status":"publish","type":"post","link":"https:\/\/www.stokstaartje.nl\/mijn-folkit-blog\/2018\/04\/27\/folkit-10-mei-2018-louise-ebrel-en-soig-siberil\/","title":{"rendered":"FolkIt, 10 mei 2018: Louise Ebrel en So\u00efg Siberil"},"content":{"rendered":"<p><iframe loading=\"lazy\" width=\"840\" height=\"473\" src=\"https:\/\/www.youtube.com\/embed\/ExThS2udH-Y?feature=oembed\" frameborder=\"0\" allow=\"autoplay; encrypted-media\" allowfullscreen><\/iframe><\/p>\n<p>* <a href='#playlist'>playlist van het uit te zenden programma<\/a><\/p>\n<p>beluister het programma:<br \/>\n<audio class=\"wp-audio-shortcode\" id=\"audio-529-1\" preload=\"none\" style=\"width: 100%;\" controls=\"controls\"><source type=\"audio\/mpeg\" src=\"https:\/\/www.stokstaartje.nl\/mijn-folkit-blog\/radio\/20180510.mp3?_=1\" \/><a href=\"https:\/\/www.stokstaartje.nl\/mijn-folkit-blog\/radio\/20180510.mp3\">https:\/\/www.stokstaartje.nl\/mijn-folkit-blog\/radio\/20180510.mp3<\/a><\/audio><\/p>\n<p>Vandaag in FolkIt! Bretonse muziek van Louise Ebrel en So\u00efg Sib\u00e9ril. <\/p>\n<p>Louise Ebrel is dochter van Eug\u00e9nie Goadec, een van de gezusters Goadec. Maryvonne, Anasthasie en Eug\u00e9nie werden geboren in respectievelijk 1900, 1913 en 1909 en hebben, net als Alan Strivell, een belangrijke rol gespeeld bij de wederopleving van de Bretonse muziek, vanaf het begin van de jaren \u201850. <\/p>\n<p><iframe loading=\"lazy\" width=\"840\" height=\"473\" src=\"https:\/\/www.youtube.com\/embed\/tiIvmhXUoXk?feature=oembed\" frameborder=\"0\" allow=\"autoplay; encrypted-media\" allowfullscreen><\/iframe><\/p>\n<p><iframe loading=\"lazy\" width=\"840\" height=\"473\" src=\"https:\/\/www.youtube.com\/embed\/tAbTRrth_U4?feature=oembed\" frameborder=\"0\" allow=\"autoplay; encrypted-media\" allowfullscreen><\/iframe><\/p>\n<p>Louise werd in 1932 geboren. Ze nam in 1994 18 liederen op met haar moeder, vooral in de Kan ha Diskan-stijl. Dat betekende voor Louise een doorbraak. Daarna werkte ze samen met mensen als Yann-Fanch Kemener en Denez Prigent, maar ook met de Bretonse punkband Ramoneurs de menhirs en Red Cardell. Ook hield ze zich bezig met het overdragen van de Bretonse muziektraditie aan de jongere generatie en de emancipatie van de Bretonse taal.<\/p>\n<p><iframe loading=\"lazy\" width=\"840\" height=\"630\" src=\"https:\/\/www.youtube.com\/embed\/LRg72-bpMeY?feature=oembed\" frameborder=\"0\" allow=\"autoplay; encrypted-media\" allowfullscreen><\/iframe><\/p>\n<p><iframe loading=\"lazy\" width=\"840\" height=\"473\" src=\"https:\/\/www.youtube.com\/embed\/2N724FNbM7Y?feature=oembed\" frameborder=\"0\" allow=\"autoplay; encrypted-media\" allowfullscreen><\/iframe><\/p>\n<p>Voor gitarist So\u00efg Sib\u00e9ril lag een loopbaan in de Bretonse muziek veel minder voor de hand: hij werd in 1955 in Parijs geboren en hield zich als gitarist aanvankelijk bezig met bluegrass. Halverwege de jaren \u201970 raakt hij in de ban van de Bretonse muziek, wanneer de gezusters Goadec en Alan Strivell ook in Parijs te horen zijn. Hij verhuist naar Bretagne en ontwikkelt een geheel eigen speelstijl, vooral hoorbaar op CDs die hij onder zijn eigen naam maakte. Het is ook aan Sib\u00e9ril te danken dat de gitaar inmiddels geaccepteerd is in de Bretonse folk.<\/p>\n<p><iframe loading=\"lazy\" width=\"840\" height=\"630\" src=\"https:\/\/www.youtube.com\/embed\/pZc62CiU-rw?feature=oembed\" frameborder=\"0\" allow=\"autoplay; encrypted-media\" allowfullscreen><\/iframe><\/p>\n<p>Sinds halverwege de jaren &#8217;90 maakt Sib\u00e9ril deel uit van les Ours du Scorff, een folk groep wiens taak het is om kinderen Bretonse muziek te laten ontdekken en begrijpen om het beter te kunnen waarderen.<\/p>\n<p><iframe loading=\"lazy\" width=\"840\" height=\"473\" src=\"https:\/\/www.youtube.com\/embed\/82sGSGsxyUw?feature=oembed\" frameborder=\"0\" allow=\"autoplay; encrypted-media\" allowfullscreen><\/iframe><\/p>\n<p><a name='playlist'>playlist:<\/a><\/p>\n<p><OL><\/p>\n<li><strong>Perina\u00eeg Lanuon<\/strong>, Les Sours Goadec (3:13) Ar c&#8217;hoarezed Goadeg (1990) <i>[Keltia Musique KMCD 11]<\/i>\n<li><strong>Son ar micheriou<\/strong>, Louise Ebrel (5:24) Gwerz ha kan a boz (2009) <i>[Coop Breizh KCD 104]<\/i>\n<li><strong>Ab tad moualc&#8217;h kozh<\/strong>, Les Sours Goadec (3:44) Ar c&#8217;hoarezed Goadeg (1990) <i>[Keltia Musique KMCD 11]<\/i>\n<li><strong>Ma Zad Ma Mamm<\/strong>, Louise Ebrel (3:09) Ma Zad Ma Mamm (2010) <i>[LOZ 64- KMCD 523]<\/i>\n<li><strong>Marig ar polanton<\/strong>, Louise Ebrel (6:33) Ma Zad Ma Mamm (2010) <i>[LOZ 64- KMCD 523]<\/i>\n<li><strong>Le mascaret<\/strong>, So\u00efg Sib\u00e9ril (4:14) Habask (2017) <i>[Coop Breizh CD 1119]<\/i>\n<li><strong>Skuzimoisy: Drag her round the road \/ Sporting padd \/ The bird in the bush<\/strong>, So\u00efg Sib\u00e9ril (2:51) Gwenojenn (1999) <i>[Coop Breizh CD 889]<\/i>\n<li><strong>La Bonne P\u00eache<\/strong>, Les Ours du Scorff (3:15) La Bonne P\u00eache&#8230; (2005) <i>[Keltia Musique KMCD170]<\/i>\n<li><strong>Marie-Pierre et le Loup<\/strong>, Les Ours du Scorff (3:26) La Bonne P\u00eache&#8230; (2005) <i>[Keltia Musique KMCD170]<\/i>\n<li><strong>Julie Verluisant<\/strong>, Les Ours du Scorff (3:56) Le Grand Bal Ce soir (1998) <i>[Keltia Musique KMCD94]<\/i>\n<li><strong>La Sir\u00e8ne et le Poisson-scie<\/strong>, Les Ours du Scorff (2:36) La Bonne P\u00eache&#8230; (2005) <i>[Keltia Musique KMCD170]<\/i>\n<li><strong>J&#8217;ai bien 10 puces<\/strong>, Les Ours du Scorff (4:25) Le Retour d&#8217;On\u00e9 (2000) <i>[Keltia Musique KMCD565]<\/i>\n<li><strong>Ar micherio\u00f9 coz<\/strong>, Louise Ebrel (5:09) Ma Zad Ma Mamm (2010) <i>[LOZ 64- KMCD 523]<\/i>\n<li><strong>Inna Inna<\/strong>, Les Ours du Scorff (5:17) Le Grand Bal Ce soir (1998) <i>[Keltia Musique KMCD94]<\/i>\n<li><strong>Quand les lapins dansent<\/strong>, Les Ours du Scorff (5:00) Le Chant des 2 Sources (2015) <i>[Keltia Musique KMCD662]<\/i><br \/>\n<\/OL><\/p>\n<figure id=\"attachment_535\" aria-describedby=\"caption-attachment-535\" style=\"width: 300px\" class=\"wp-caption alignnone\"><img loading=\"lazy\" decoding=\"async\" src=\"https:\/\/www.stokstaartje.nl\/mijn-folkit-blog\/wp-content\/uploads\/2018\/04\/cover-1.jpg\" alt=\"\" width=\"300\" height=\"297\" class=\"size-full wp-image-535\" srcset=\"https:\/\/www.stokstaartje.nl\/mijn-folkit-blog\/wp-content\/uploads\/2018\/04\/cover-1.jpg 300w, https:\/\/www.stokstaartje.nl\/mijn-folkit-blog\/wp-content\/uploads\/2018\/04\/cover-1-150x150.jpg 150w\" sizes=\"auto, (max-width: 300px) 85vw, 300px\" \/><figcaption id=\"caption-attachment-535\" class=\"wp-caption-text\">Ar c&#8217;hoarezed Goadeg (1990) [Keltia Musique KMCD 11]<\/figcaption><\/figure>\n<figure id=\"attachment_545\" aria-describedby=\"caption-attachment-545\" style=\"width: 300px\" class=\"wp-caption alignnone\"><img loading=\"lazy\" decoding=\"async\" src=\"https:\/\/www.stokstaartje.nl\/mijn-folkit-blog\/wp-content\/uploads\/2018\/04\/cover-2.jpg\" alt=\"\" width=\"300\" height=\"286\" class=\"size-full wp-image-545\" \/><figcaption id=\"caption-attachment-545\" class=\"wp-caption-text\">Gwerz ha kan a boz (2009) [Coop Breizh KCD 104]<\/figcaption><\/figure>\n<figure id=\"attachment_546\" aria-describedby=\"caption-attachment-546\" style=\"width: 300px\" class=\"wp-caption alignnone\"><img loading=\"lazy\" decoding=\"async\" src=\"https:\/\/www.stokstaartje.nl\/mijn-folkit-blog\/wp-content\/uploads\/2018\/04\/cover-3.jpg\" alt=\"\" width=\"300\" height=\"300\" class=\"size-full wp-image-546\" srcset=\"https:\/\/www.stokstaartje.nl\/mijn-folkit-blog\/wp-content\/uploads\/2018\/04\/cover-3.jpg 300w, https:\/\/www.stokstaartje.nl\/mijn-folkit-blog\/wp-content\/uploads\/2018\/04\/cover-3-150x150.jpg 150w\" sizes=\"auto, (max-width: 300px) 85vw, 300px\" \/><figcaption id=\"caption-attachment-546\" class=\"wp-caption-text\">Ma Zad Ma Mamm (2010) [LOZ 64- KMCD 523]<\/figcaption><\/figure>\n<figure id=\"attachment_547\" aria-describedby=\"caption-attachment-547\" style=\"width: 300px\" class=\"wp-caption alignnone\"><img loading=\"lazy\" decoding=\"async\" src=\"https:\/\/www.stokstaartje.nl\/mijn-folkit-blog\/wp-content\/uploads\/2018\/04\/cover-4.jpg\" alt=\"\" width=\"300\" height=\"300\" class=\"size-full wp-image-547\" srcset=\"https:\/\/www.stokstaartje.nl\/mijn-folkit-blog\/wp-content\/uploads\/2018\/04\/cover-4.jpg 300w, https:\/\/www.stokstaartje.nl\/mijn-folkit-blog\/wp-content\/uploads\/2018\/04\/cover-4-150x150.jpg 150w\" sizes=\"auto, (max-width: 300px) 85vw, 300px\" \/><figcaption id=\"caption-attachment-547\" class=\"wp-caption-text\">Habask (2017) [Coop Breizh CD 1119]<\/figcaption><\/figure>\n<figure id=\"attachment_548\" aria-describedby=\"caption-attachment-548\" style=\"width: 300px\" class=\"wp-caption alignnone\"><img loading=\"lazy\" decoding=\"async\" src=\"https:\/\/www.stokstaartje.nl\/mijn-folkit-blog\/wp-content\/uploads\/2018\/04\/cover-5.jpg\" alt=\"\" width=\"300\" height=\"300\" class=\"size-full wp-image-548\" srcset=\"https:\/\/www.stokstaartje.nl\/mijn-folkit-blog\/wp-content\/uploads\/2018\/04\/cover-5.jpg 300w, https:\/\/www.stokstaartje.nl\/mijn-folkit-blog\/wp-content\/uploads\/2018\/04\/cover-5-150x150.jpg 150w\" sizes=\"auto, (max-width: 300px) 85vw, 300px\" \/><figcaption id=\"caption-attachment-548\" class=\"wp-caption-text\">Gwenojenn (1999) [Coop Breizh CD 889]<\/figcaption><\/figure>\n<figure id=\"attachment_549\" aria-describedby=\"caption-attachment-549\" style=\"width: 300px\" class=\"wp-caption alignnone\"><img loading=\"lazy\" decoding=\"async\" src=\"https:\/\/www.stokstaartje.nl\/mijn-folkit-blog\/wp-content\/uploads\/2018\/04\/cover-6.jpg\" alt=\"\" width=\"300\" height=\"301\" class=\"size-full wp-image-549\" srcset=\"https:\/\/www.stokstaartje.nl\/mijn-folkit-blog\/wp-content\/uploads\/2018\/04\/cover-6.jpg 300w, https:\/\/www.stokstaartje.nl\/mijn-folkit-blog\/wp-content\/uploads\/2018\/04\/cover-6-150x150.jpg 150w, https:\/\/www.stokstaartje.nl\/mijn-folkit-blog\/wp-content\/uploads\/2018\/04\/cover-6-299x300.jpg 299w\" sizes=\"auto, (max-width: 300px) 85vw, 300px\" \/><figcaption id=\"caption-attachment-549\" class=\"wp-caption-text\">La Bonne P\u00eache&#8230; (2005) [Keltia Musique KMCD170]<\/figcaption><\/figure>\n<figure id=\"attachment_550\" aria-describedby=\"caption-attachment-550\" style=\"width: 300px\" class=\"wp-caption alignnone\"><img loading=\"lazy\" decoding=\"async\" src=\"https:\/\/www.stokstaartje.nl\/mijn-folkit-blog\/wp-content\/uploads\/2018\/04\/cover-7.jpg\" alt=\"\" width=\"300\" height=\"300\" class=\"size-full wp-image-550\" srcset=\"https:\/\/www.stokstaartje.nl\/mijn-folkit-blog\/wp-content\/uploads\/2018\/04\/cover-7.jpg 300w, https:\/\/www.stokstaartje.nl\/mijn-folkit-blog\/wp-content\/uploads\/2018\/04\/cover-7-150x150.jpg 150w\" sizes=\"auto, (max-width: 300px) 85vw, 300px\" \/><figcaption id=\"caption-attachment-550\" class=\"wp-caption-text\">Le Grand Bal Ce soir (1998) [Keltia Musique KMCD94]<\/figcaption><\/figure>\n<figure id=\"attachment_551\" aria-describedby=\"caption-attachment-551\" style=\"width: 300px\" class=\"wp-caption alignnone\"><img loading=\"lazy\" decoding=\"async\" src=\"https:\/\/www.stokstaartje.nl\/mijn-folkit-blog\/wp-content\/uploads\/2018\/04\/cover-8.jpg\" alt=\"\" width=\"300\" height=\"300\" class=\"size-full wp-image-551\" srcset=\"https:\/\/www.stokstaartje.nl\/mijn-folkit-blog\/wp-content\/uploads\/2018\/04\/cover-8.jpg 300w, https:\/\/www.stokstaartje.nl\/mijn-folkit-blog\/wp-content\/uploads\/2018\/04\/cover-8-150x150.jpg 150w\" sizes=\"auto, (max-width: 300px) 85vw, 300px\" \/><figcaption id=\"caption-attachment-551\" class=\"wp-caption-text\">Le Retour d&#8217;On\u00e9 (2000) [Keltia Musique KMCD565]<\/figcaption><\/figure>\n<figure id=\"attachment_552\" aria-describedby=\"caption-attachment-552\" style=\"width: 300px\" class=\"wp-caption alignnone\"><img loading=\"lazy\" decoding=\"async\" src=\"https:\/\/www.stokstaartje.nl\/mijn-folkit-blog\/wp-content\/uploads\/2018\/04\/cover-9.jpg\" alt=\"\" width=\"300\" height=\"300\" class=\"size-full wp-image-552\" srcset=\"https:\/\/www.stokstaartje.nl\/mijn-folkit-blog\/wp-content\/uploads\/2018\/04\/cover-9.jpg 300w, https:\/\/www.stokstaartje.nl\/mijn-folkit-blog\/wp-content\/uploads\/2018\/04\/cover-9-150x150.jpg 150w\" sizes=\"auto, (max-width: 300px) 85vw, 300px\" \/><figcaption id=\"caption-attachment-552\" class=\"wp-caption-text\">Le Chant des 2 Sources (2015) [Keltia Musique KMCD662]<\/figcaption><\/figure>\n","protected":false},"excerpt":{"rendered":"<p>* playlist van het uit te zenden programma beluister het programma: Vandaag in FolkIt! Bretonse muziek van Louise Ebrel en So\u00efg Sib\u00e9ril. Louise Ebrel is dochter van Eug\u00e9nie Goadec, een van de gezusters Goadec. Maryvonne, Anasthasie en Eug\u00e9nie werden geboren in respectievelijk 1900, 1913 en 1909 en hebben, net als Alan Strivell, een belangrijke rol &hellip; <a href=\"https:\/\/www.stokstaartje.nl\/mijn-folkit-blog\/2018\/04\/27\/folkit-10-mei-2018-louise-ebrel-en-soig-siberil\/\" class=\"more-link\">Lees verder <span class=\"screen-reader-text\">&#8220;FolkIt, 10 mei 2018: Louise Ebrel en So\u00efg Siberil&#8221;<\/span><\/a><\/p>\n","protected":false},"author":1,"featured_media":0,"comment_status":"closed","ping_status":"open","sticky":false,"template":"","format":"standard","meta":{"footnotes":""},"categories":[10],"tags":[],"class_list":["post-529","post","type-post","status-publish","format-standard","hentry","category-folkit-concertzender"],"_links":{"self":[{"href":"https:\/\/www.stokstaartje.nl\/mijn-folkit-blog\/wp-json\/wp\/v2\/posts\/529","targetHints":{"allow":["GET"]}}],"collection":[{"href":"https:\/\/www.stokstaartje.nl\/mijn-folkit-blog\/wp-json\/wp\/v2\/posts"}],"about":[{"href":"https:\/\/www.stokstaartje.nl\/mijn-folkit-blog\/wp-json\/wp\/v2\/types\/post"}],"author":[{"embeddable":true,"href":"https:\/\/www.stokstaartje.nl\/mijn-folkit-blog\/wp-json\/wp\/v2\/users\/1"}],"replies":[{"embeddable":true,"href":"https:\/\/www.stokstaartje.nl\/mijn-folkit-blog\/wp-json\/wp\/v2\/comments?post=529"}],"version-history":[{"count":15,"href":"https:\/\/www.stokstaartje.nl\/mijn-folkit-blog\/wp-json\/wp\/v2\/posts\/529\/revisions"}],"predecessor-version":[{"id":931,"href":"https:\/\/www.stokstaartje.nl\/mijn-folkit-blog\/wp-json\/wp\/v2\/posts\/529\/revisions\/931"}],"wp:attachment":[{"href":"https:\/\/www.stokstaartje.nl\/mijn-folkit-blog\/wp-json\/wp\/v2\/media?parent=529"}],"wp:term":[{"taxonomy":"category","embeddable":true,"href":"https:\/\/www.stokstaartje.nl\/mijn-folkit-blog\/wp-json\/wp\/v2\/categories?post=529"},{"taxonomy":"post_tag","embeddable":true,"href":"https:\/\/www.stokstaartje.nl\/mijn-folkit-blog\/wp-json\/wp\/v2\/tags?post=529"}],"curies":[{"name":"wp","href":"https:\/\/api.w.org\/{rel}","templated":true}]}}