{"id":5260,"date":"2025-12-14T23:09:55","date_gmt":"2025-12-14T22:09:55","guid":{"rendered":"https:\/\/www.stokstaartje.nl\/mijn-folkit-blog\/?p=5260"},"modified":"2025-12-14T23:44:02","modified_gmt":"2025-12-14T22:44:02","slug":"9-november-2025-denez-prigent-spontus","status":"publish","type":"post","link":"https:\/\/www.stokstaartje.nl\/mijn-folkit-blog\/2025\/12\/14\/9-november-2025-denez-prigent-spontus\/","title":{"rendered":"9 november 2025: Denez Prigent &#038; Spontus"},"content":{"rendered":"<p>beluister het programma:<\/p>\n<audio class=\"wp-audio-shortcode\" id=\"audio-5260-1\" preload=\"none\" style=\"width: 100%;\" controls=\"controls\"><source type=\"audio\/mpeg\" src=\"https:\/\/www.stokstaartje.nl\/mijn-folkit-blog\/radio\/20251109.mp3?_=1\" \/><a href=\"https:\/\/www.stokstaartje.nl\/mijn-folkit-blog\/radio\/20251109.mp3\">https:\/\/www.stokstaartje.nl\/mijn-folkit-blog\/radio\/20251109.mp3<\/a><\/audio>\n<p>Aanleiding is het verschijnen van twee CD\u2019s: \u00e9\u00e9n van zanger Denez Prigent en \u00e9\u00e9n van de groep Spontus. Beide hebben een lange staat van dienst en gelden als vernieuwers binnen de Bretonse muziek.<\/p>\n<p><a href=\"https:\/\/www.stokstaartje.nl\/mijn-folkit-blog\/wp-content\/uploads\/2025\/12\/spontus-1-scaled.jpg\"><img loading=\"lazy\" decoding=\"async\" class=\"alignnone size-large wp-image-5268\" src=\"https:\/\/www.stokstaartje.nl\/mijn-folkit-blog\/wp-content\/uploads\/2025\/12\/spontus-1-1024x683.jpg\" alt=\"\" width=\"840\" height=\"560\" srcset=\"https:\/\/www.stokstaartje.nl\/mijn-folkit-blog\/wp-content\/uploads\/2025\/12\/spontus-1-1024x683.jpg 1024w, https:\/\/www.stokstaartje.nl\/mijn-folkit-blog\/wp-content\/uploads\/2025\/12\/spontus-1-300x200.jpg 300w, https:\/\/www.stokstaartje.nl\/mijn-folkit-blog\/wp-content\/uploads\/2025\/12\/spontus-1-768x512.jpg 768w, https:\/\/www.stokstaartje.nl\/mijn-folkit-blog\/wp-content\/uploads\/2025\/12\/spontus-1-1536x1024.jpg 1536w, https:\/\/www.stokstaartje.nl\/mijn-folkit-blog\/wp-content\/uploads\/2025\/12\/spontus-1-2048x1365.jpg 2048w, https:\/\/www.stokstaartje.nl\/mijn-folkit-blog\/wp-content\/uploads\/2025\/12\/spontus-1-1200x800.jpg 1200w\" sizes=\"auto, (max-width: 709px) 85vw, (max-width: 909px) 67vw, (max-width: 1362px) 62vw, 840px\" \/><\/a><\/p>\n<p>Spontus concentreert zich op de dansmuziek in Bretagne dat ze zowel vokaal als instrumentaal laten klinken. De groep bestaat al zo\u2019n 30 jaar en is voornamelijk te bewonderen tijdens de Fest Noz (nachtfeesten), zoals die gebruikelijk zijn in Bretagne.<\/p>\n<p><a href=\"https:\/\/www.stokstaartje.nl\/mijn-folkit-blog\/wp-content\/uploads\/2025\/12\/Denez-Toenn-Vor-2.jpg\"><img loading=\"lazy\" decoding=\"async\" class=\"alignnone size-full wp-image-5269\" src=\"https:\/\/www.stokstaartje.nl\/mijn-folkit-blog\/wp-content\/uploads\/2025\/12\/Denez-Toenn-Vor-2.jpg\" alt=\"\" width=\"600\" height=\"600\" srcset=\"https:\/\/www.stokstaartje.nl\/mijn-folkit-blog\/wp-content\/uploads\/2025\/12\/Denez-Toenn-Vor-2.jpg 600w, https:\/\/www.stokstaartje.nl\/mijn-folkit-blog\/wp-content\/uploads\/2025\/12\/Denez-Toenn-Vor-2-300x300.jpg 300w, https:\/\/www.stokstaartje.nl\/mijn-folkit-blog\/wp-content\/uploads\/2025\/12\/Denez-Toenn-Vor-2-150x150.jpg 150w\" sizes=\"auto, (max-width: 709px) 85vw, (max-width: 909px) 67vw, (max-width: 984px) 61vw, (max-width: 1362px) 45vw, 600px\" \/><\/a><\/p>\n<p>Denez Prigent beheerst zowel de dansbare kan ha diskan als de gwerz (balades). Ook valt hij op door uitersten te verenigen zoals onder meer zijn teknoz projekt liet horen.<\/p>\n<p>&nbsp;<\/p>\n<p>playlist:<\/p>\n<ol>\n<li><b>Dominique Jouve &amp; Yann Goas<\/b>. Le Vaublanc. (<i>Hent Kozh 164, 2011<\/i>; 01:36)<\/li>\n<li><b>Dominique Jouve &amp; Yann Goas<\/b>. Charl Ar c&#8217;haz, Gaston Penn ar Pont. (<i>Hent Kozh 164, 2011<\/i>; 02:26)<\/li>\n<li><b>Spontus<\/b>. Wanig. (<i>Spontus, 2010<\/i>; 04:11)<\/li>\n<li><b>Spontus<\/b>. An dro. (<i>Spontus, 2010<\/i>; 05:08)<\/li>\n<li><b>Spontus<\/b>. L&#8217;Ehpad 7. (<i>La danse est enivrante, 2022<\/i>; 03:35)<\/li>\n<li><b>Spontus<\/b>. Le Menuisier aux Mains d&#8217;Or. (<i>Ar Lagad Bleiz, 20250627<\/i>; 04:20)<\/li>\n<li><b>Spontus<\/b>. An Dale. (<i>Ar Lagad Bleiz, 20250627<\/i>; 03:36)<\/li>\n<li><b>Spontus<\/b>. Petit Ren\u00e9. (<i>Ar Lagad Bleiz, 20250627<\/i>; 04:19)<\/li>\n<li><b>Denez Prigent<\/b>. Al labous marzhus. (<i>Mil Hent, 2018<\/i>; 04:34)<\/li>\n<li><b>Denez Prigent<\/b>. Hent noazh. (<i>Mil Hent, 2018<\/i>; 04:44)<\/li>\n<li><b>Denez<\/b>. Quand nous avons parti de rade. (<i>Toenn-vor, 2025<\/i>; 06:26)<\/li>\n<li><b>Denez<\/b>. Le capitaine de Saint-Malo. (<i>Toenn-vor, 2025<\/i>; 02:14)<\/li>\n<li><b>Denez<\/b>. Gabier de Terre-Neuve. (<i>Toenn-vor, 2025<\/i>; 05:36)<\/li>\n<li><b>Denez<\/b>. Amsterdam. (<i>Toenn-vor, 2025<\/i>; 03:50)<\/li>\n<\/ol>\n<div id='gallery-1' class='gallery galleryid-5260 gallery-columns-3 gallery-size-thumbnail'><figure class='gallery-item'>\n\t\t\t<div class='gallery-icon landscape'>\n\t\t\t\t<img loading=\"lazy\" decoding=\"async\" width=\"150\" height=\"150\" src=\"https:\/\/www.stokstaartje.nl\/mijn-folkit-blog\/wp-content\/uploads\/2025\/12\/cover-01-1-150x150.jpg\" class=\"attachment-thumbnail size-thumbnail\" alt=\"\" srcset=\"https:\/\/www.stokstaartje.nl\/mijn-folkit-blog\/wp-content\/uploads\/2025\/12\/cover-01-1-150x150.jpg 150w, https:\/\/www.stokstaartje.nl\/mijn-folkit-blog\/wp-content\/uploads\/2025\/12\/cover-01-1.jpg 250w\" sizes=\"auto, (max-width: 150px) 85vw, 150px\" \/>\n\t\t\t<\/div><\/figure><figure class='gallery-item'>\n\t\t\t<div class='gallery-icon landscape'>\n\t\t\t\t<img loading=\"lazy\" decoding=\"async\" width=\"150\" height=\"150\" src=\"https:\/\/www.stokstaartje.nl\/mijn-folkit-blog\/wp-content\/uploads\/2025\/12\/cover-02-1-150x150.jpg\" class=\"attachment-thumbnail size-thumbnail\" alt=\"\" srcset=\"https:\/\/www.stokstaartje.nl\/mijn-folkit-blog\/wp-content\/uploads\/2025\/12\/cover-02-1-150x150.jpg 150w, https:\/\/www.stokstaartje.nl\/mijn-folkit-blog\/wp-content\/uploads\/2025\/12\/cover-02-1-300x300.jpg 300w, https:\/\/www.stokstaartje.nl\/mijn-folkit-blog\/wp-content\/uploads\/2025\/12\/cover-02-1.jpg 600w\" sizes=\"auto, (max-width: 150px) 85vw, 150px\" \/>\n\t\t\t<\/div><\/figure><figure class='gallery-item'>\n\t\t\t<div class='gallery-icon landscape'>\n\t\t\t\t<img loading=\"lazy\" decoding=\"async\" width=\"150\" height=\"150\" src=\"https:\/\/www.stokstaartje.nl\/mijn-folkit-blog\/wp-content\/uploads\/2025\/12\/cover-03-1-150x150.jpg\" class=\"attachment-thumbnail size-thumbnail\" alt=\"\" srcset=\"https:\/\/www.stokstaartje.nl\/mijn-folkit-blog\/wp-content\/uploads\/2025\/12\/cover-03-1-150x150.jpg 150w, https:\/\/www.stokstaartje.nl\/mijn-folkit-blog\/wp-content\/uploads\/2025\/12\/cover-03-1-300x300.jpg 300w, https:\/\/www.stokstaartje.nl\/mijn-folkit-blog\/wp-content\/uploads\/2025\/12\/cover-03-1.jpg 721w\" sizes=\"auto, (max-width: 150px) 85vw, 150px\" \/>\n\t\t\t<\/div><\/figure><figure class='gallery-item'>\n\t\t\t<div class='gallery-icon landscape'>\n\t\t\t\t<img loading=\"lazy\" decoding=\"async\" width=\"150\" height=\"150\" src=\"https:\/\/www.stokstaartje.nl\/mijn-folkit-blog\/wp-content\/uploads\/2025\/12\/cover-04-1-150x150.jpg\" class=\"attachment-thumbnail size-thumbnail\" alt=\"\" \/>\n\t\t\t<\/div><\/figure><figure class='gallery-item'>\n\t\t\t<div class='gallery-icon portrait'>\n\t\t\t\t<img loading=\"lazy\" decoding=\"async\" width=\"150\" height=\"150\" src=\"https:\/\/www.stokstaartje.nl\/mijn-folkit-blog\/wp-content\/uploads\/2025\/12\/cover-05-1-150x150.jpg\" class=\"attachment-thumbnail size-thumbnail\" alt=\"\" \/>\n\t\t\t<\/div><\/figure><figure class='gallery-item'>\n\t\t\t<div class='gallery-icon landscape'>\n\t\t\t\t<img loading=\"lazy\" decoding=\"async\" width=\"150\" height=\"150\" src=\"https:\/\/www.stokstaartje.nl\/mijn-folkit-blog\/wp-content\/uploads\/2025\/12\/cover-06-1-150x150.jpg\" class=\"attachment-thumbnail size-thumbnail\" alt=\"\" srcset=\"https:\/\/www.stokstaartje.nl\/mijn-folkit-blog\/wp-content\/uploads\/2025\/12\/cover-06-1-150x150.jpg 150w, https:\/\/www.stokstaartje.nl\/mijn-folkit-blog\/wp-content\/uploads\/2025\/12\/cover-06-1-300x300.jpg 300w, https:\/\/www.stokstaartje.nl\/mijn-folkit-blog\/wp-content\/uploads\/2025\/12\/cover-06-1.jpg 500w\" sizes=\"auto, (max-width: 150px) 85vw, 150px\" \/>\n\t\t\t<\/div><\/figure>\n\t\t<\/div>\n\n","protected":false},"excerpt":{"rendered":"<p>beluister het programma: Aanleiding is het verschijnen van twee CD\u2019s: \u00e9\u00e9n van zanger Denez Prigent en \u00e9\u00e9n van de groep Spontus. Beide hebben een lange staat van dienst en gelden als vernieuwers binnen de Bretonse muziek. Spontus concentreert zich op de dansmuziek in Bretagne dat ze zowel vokaal als instrumentaal laten klinken. De groep bestaat &hellip; <a href=\"https:\/\/www.stokstaartje.nl\/mijn-folkit-blog\/2025\/12\/14\/9-november-2025-denez-prigent-spontus\/\" class=\"more-link\">Lees verder <span class=\"screen-reader-text\">&#8220;9 november 2025: Denez Prigent &#038; Spontus&#8221;<\/span><\/a><\/p>\n","protected":false},"author":1,"featured_media":0,"comment_status":"open","ping_status":"open","sticky":false,"template":"","format":"standard","meta":{"footnotes":""},"categories":[1],"tags":[],"class_list":["post-5260","post","type-post","status-publish","format-standard","hentry","category-geen-categorie"],"_links":{"self":[{"href":"https:\/\/www.stokstaartje.nl\/mijn-folkit-blog\/wp-json\/wp\/v2\/posts\/5260","targetHints":{"allow":["GET"]}}],"collection":[{"href":"https:\/\/www.stokstaartje.nl\/mijn-folkit-blog\/wp-json\/wp\/v2\/posts"}],"about":[{"href":"https:\/\/www.stokstaartje.nl\/mijn-folkit-blog\/wp-json\/wp\/v2\/types\/post"}],"author":[{"embeddable":true,"href":"https:\/\/www.stokstaartje.nl\/mijn-folkit-blog\/wp-json\/wp\/v2\/users\/1"}],"replies":[{"embeddable":true,"href":"https:\/\/www.stokstaartje.nl\/mijn-folkit-blog\/wp-json\/wp\/v2\/comments?post=5260"}],"version-history":[{"count":3,"href":"https:\/\/www.stokstaartje.nl\/mijn-folkit-blog\/wp-json\/wp\/v2\/posts\/5260\/revisions"}],"predecessor-version":[{"id":5271,"href":"https:\/\/www.stokstaartje.nl\/mijn-folkit-blog\/wp-json\/wp\/v2\/posts\/5260\/revisions\/5271"}],"wp:attachment":[{"href":"https:\/\/www.stokstaartje.nl\/mijn-folkit-blog\/wp-json\/wp\/v2\/media?parent=5260"}],"wp:term":[{"taxonomy":"category","embeddable":true,"href":"https:\/\/www.stokstaartje.nl\/mijn-folkit-blog\/wp-json\/wp\/v2\/categories?post=5260"},{"taxonomy":"post_tag","embeddable":true,"href":"https:\/\/www.stokstaartje.nl\/mijn-folkit-blog\/wp-json\/wp\/v2\/tags?post=5260"}],"curies":[{"name":"wp","href":"https:\/\/api.w.org\/{rel}","templated":true}]}}