{"id":3373,"date":"2023-03-29T02:57:51","date_gmt":"2023-03-29T00:57:51","guid":{"rendered":"https:\/\/www.stokstaartje.nl\/mijn-folkit-blog\/?p=3373"},"modified":"2024-08-18T16:57:39","modified_gmt":"2024-08-18T14:57:39","slug":"folkit-8-april-2023","status":"publish","type":"post","link":"https:\/\/www.stokstaartje.nl\/mijn-folkit-blog\/2023\/03\/29\/folkit-8-april-2023\/","title":{"rendered":"FolkIt, 9 april 2023"},"content":{"rendered":"<p><a href=\"#playlist\">playlist<\/a> | beluister het programma:<\/p>\n<audio class=\"wp-audio-shortcode\" id=\"audio-3373-1\" preload=\"none\" style=\"width: 100%;\" controls=\"controls\"><source type=\"audio\/mpeg\" src=\"https:\/\/www.stokstaartje.nl\/mijn-folkit-blog\/radio\/20230409.mp3?_=1\" \/><a href=\"https:\/\/www.stokstaartje.nl\/mijn-folkit-blog\/radio\/20230409.mp3\">https:\/\/www.stokstaartje.nl\/mijn-folkit-blog\/radio\/20230409.mp3<\/a><\/audio>\n<p>In deze FolkIt een paar recente CDs:<\/p>\n<p><img loading=\"lazy\" decoding=\"async\" class=\"aligncenter wp-image-3381 size-full\" src=\"https:\/\/www.stokstaartje.nl\/mijn-folkit-blog\/wp-content\/uploads\/2023\/03\/Uusikuu2.jpg\" alt=\"\" width=\"1000\" height=\"778\" srcset=\"https:\/\/www.stokstaartje.nl\/mijn-folkit-blog\/wp-content\/uploads\/2023\/03\/Uusikuu2.jpg 1000w, https:\/\/www.stokstaartje.nl\/mijn-folkit-blog\/wp-content\/uploads\/2023\/03\/Uusikuu2-300x233.jpg 300w, https:\/\/www.stokstaartje.nl\/mijn-folkit-blog\/wp-content\/uploads\/2023\/03\/Uusikuu2-768x598.jpg 768w\" sizes=\"auto, (max-width: 709px) 85vw, (max-width: 909px) 67vw, (max-width: 1362px) 62vw, 840px\" \/><\/p>\n<p>De CD Karuselli van de Fins-Duitse groep <a href=\"https:\/\/uusikuu.com\/\" target=\"_blank\" rel=\"noopener\">Uusikuu<\/a> kwam vorig jaar uit en is, nadat de groep 16 jaar geleden werd opgericht, hun 5e CD. De groep speelt muziek die in Finland populair was, en beschouwt het als zijn taak de Finse tango nieuw leven in te blazen. Ook zijn de leden groot voorstanders van Eurovisie Songfestivals en hebben ze reeds diverse winnende liedjes in een nieuw jasje gestoken.<\/p>\n<div style=\"width: 640px;\" class=\"wp-video\"><video class=\"wp-video-shortcode\" id=\"video-3373-1\" width=\"640\" height=\"360\" preload=\"metadata\" controls=\"controls\"><source type=\"video\/mp4\" src=\"https:\/\/www.stokstaartje.nl\/mijn-folkit-blog\/yt\/Petra_Haraldson_Camilla_Astrom_Hur_kan_jag_saga_(jA6NBYKlWbg).mp4?_=1\" \/><a href=\"https:\/\/www.stokstaartje.nl\/mijn-folkit-blog\/yt\/Petra_Haraldson_Camilla_Astrom_Hur_kan_jag_saga_(jA6NBYKlWbg).mp4\">https:\/\/www.stokstaartje.nl\/mijn-folkit-blog\/yt\/Petra_Haraldson_Camilla_Astrom_Hur_kan_jag_saga_(jA6NBYKlWbg).mp4<\/a><\/video><\/div>\n<pre><em>Petra Haraldson, Camilla Astrom: Hur kan jag saga (jA6NBYKlWbg)<\/em><\/pre>\n<p>Het Zweedse duo Camilla Astrom &amp; Petra Haraldson maakte de CD Vapenl\u00f6s. De CD\u00a0 werd in 2020 uitgebracht en bevat gedichten van de, toen, 120 jaar geleden geboren Zweedse dichteres Karin Boye. De CD verscheen opnieuw in 2023 met een Engelse vertaling van de gedichten.<\/p>\n<div style=\"width: 640px;\" class=\"wp-video\"><video class=\"wp-video-shortcode\" id=\"video-3373-2\" width=\"640\" height=\"360\" preload=\"metadata\" controls=\"controls\"><source type=\"video\/mp4\" src=\"https:\/\/www.stokstaartje.nl\/mijn-folkit-blog\/yt\/Bryony_Griffith_and_Alice_Jones_-_Wanton_Lasses_Pity_Her_%5BSVcTBLsy2ZU%5D.mp4?_=2\" \/><a href=\"https:\/\/www.stokstaartje.nl\/mijn-folkit-blog\/yt\/Bryony_Griffith_and_Alice_Jones_-_Wanton_Lasses_Pity_Her_%5BSVcTBLsy2ZU%5D.mp4\">https:\/\/www.stokstaartje.nl\/mijn-folkit-blog\/yt\/Bryony_Griffith_and_Alice_Jones_-_Wanton_Lasses_Pity_Her_%5BSVcTBLsy2ZU%5D.mp4<\/a><\/video><\/div>\n<pre><em>(Bryony Griffith and Alice Jones- Wanton Lasses Pity Her (SVcTBLsy2ZU))<\/em><\/pre>\n<p>Van het Britse folk-duo <a href=\"https:\/\/bryonyandalice.com\/\" target=\"_blank\" rel=\"noopener\">Bryony Griffith &amp; Alice Jones<\/a> verscheen de CD &#8216;A Year Too Late and a Month Too Soon&#8217;. De naam van de CD zou kunnen verwijzen naar de corona-gerelateerde logistieke problemen die ervoor zorgden dat de release van de plaat fors vertraagd was. De liedjes op de plaat zochten de dames noodgedwongen vlak bij huis in Yorkshire.<\/p>\n<div style=\"width: 640px;\" class=\"wp-video\"><video class=\"wp-video-shortcode\" id=\"video-3373-3\" width=\"640\" height=\"360\" preload=\"metadata\" controls=\"controls\"><source type=\"video\/mp4\" src=\"https:\/\/www.stokstaartje.nl\/mijn-folkit-blog\/yt\/host_Vi_der_valgte_regnen_%5BHlx8IGggLI%5D.mp4?_=3\" \/><a href=\"https:\/\/www.stokstaartje.nl\/mijn-folkit-blog\/yt\/host_Vi_der_valgte_regnen_%5BHlx8IGggLI%5D.mp4\">https:\/\/www.stokstaartje.nl\/mijn-folkit-blog\/yt\/host_Vi_der_valgte_regnen_%5BHlx8IGggLI%5D.mp4<\/a><\/video><\/div>\n<pre><em>(H\u00f8st- Vi der valgte regnen (Official Music Video) (_Hlx8IGggLI))<\/em><\/pre>\n<p>De debuut-CD Fuglesang van het <a href=\"https:\/\/hoestvocals.dk\/\" target=\"_blank\" rel=\"noopener\">Deens- Zweedse vocale kwartet H\u00f8st<\/a> bestaande uit Vester Larsen, Maja Freese, Filippa Westerberg en (naamgeefster van het kwartet) Lene H\u00f8st. Op hun CD zijn alleen zangstemmen te horen in, vooral, Noord-Europese liederen voorzien van een eigen arrangement.<\/p>\n<hr \/>\n<p><a name=\"playlist\"><\/a>playlist:<\/p>\n<ol>\n<li><b>Uusikuu<\/b>. Matka Timbuktuun. (<i>Karuselli, 2022<\/i>, Nordic Notes NN167; 03:03)<\/li>\n<li><b>Camilla Astrom, Petra Haraldson<\/b>. Det namnl\u00f6sa. (<i>Vapenl\u00f6s- Camilla \u00c5str\u00f6m och Petra Haraldson tolkar Karin Boye, 2020<\/i>, Kakafon KAKADA001; 01:17)<\/li>\n<li><b>H\u00f8st<\/b>. Det er Hvidt Herude. (<i>Fulgesang, 2023<\/i>, Go Danish Folk Music GO0623; 03:47)<\/li>\n<li><b>Camilla Astrom, Petra Haraldson<\/b>. Jag vill m\u00f6ta\u2026. (<i>Vapenl\u00f6s- Camilla \u00c5str\u00f6m och Petra Haraldson tolkar Karin Boye, 2020<\/i>, Kakafon KAKADA001; 02:32)<\/li>\n<li><b>Bryony Griffith, Alice Jones<\/b>. The Girl Who Was Poorly Clad. (<i>A Year Too Late and a Month Too Soon, 2022<\/i>, Splid Records- SPLIDCD29; 03:57)<\/li>\n<li><b>Uusikuu<\/b>. Juna kulkee. (<i>Karuselli, 2022<\/i>, Nordic Notes NN167; 03:37)<\/li>\n<li><b>H\u00f8st<\/b>. Auld Lang Syne. (<i>Fulgesang, 2023<\/i>, Go Danish Folk Music GO0623; 02:25)<\/li>\n<li><b>Camilla Astrom, Petra Haraldson<\/b>. Song in Springtime. (<i>Unarmed &#8211; Songs from the Poetry of Karin Boye, 2023<\/i>, Kakafon KAKADA004; 03:15)<\/li>\n<li><b>H\u00f8st<\/b>. Min Man. (<i>Fulgesang, 2023<\/i>, Go Danish Folk Music GO0623; 02:50)<\/li>\n<li><b>Bryony Griffith, Alice Jones<\/b>. The Grey Goose and Gander. (<i>A Year Too Late and a Month Too Soon, 2022<\/i>, Splid Records- SPLIDCD29; 03:19)<\/li>\n<li><b>Camilla Astrom, Petra Haraldson<\/b>. Om detta livet \u00e4r det enda\u2026. (<i>Vapenl\u00f6s- Camilla \u00c5str\u00f6m och Petra Haraldson tolkar Karin Boye, 2020<\/i>, Kakafon KAKADA001; 02:36)<\/li>\n<li><b>Uusikuu<\/b>. Joo vai ei. (<i>Karuselli, 2022<\/i>, Nordic Notes NN167; 02:55)<\/li>\n<li><b>Bryony Griffith, Alice Jones<\/b>. Strawberry Tower. (<i>A Year Too Late and a Month Too Soon, 2022<\/i>, Splid Records- SPLIDCD29; 04:21)<\/li>\n<li><b>Uusikuu<\/b>. Katoamistemppu. (<i>Karuselli, 2022<\/i>, Nordic Notes NN167; 03:51)<\/li>\n<li><b>Bryony Griffith, Alice Jones<\/b>. My Johnny Was a Shoemaker. (<i>A Year Too Late and a Month Too Soon, 2022<\/i>, Splid Records- SPLIDCD29; 02:51)<\/li>\n<li><b>Camilla Astrom, Petra Haraldson<\/b>. Gr\u00e4sets s\u00e5ng. (<i>Vapenl\u00f6s- Camilla \u00c5str\u00f6m och Petra Haraldson tolkar Karin Boye, 2020<\/i>, Kakafon KAKADA001; 03:14)<\/li>\n<li><b>H\u00f8st<\/b>. Visdommens Ord. (<i>Fulgesang, 2023<\/i>, Go Danish Folk Music GO0623; 03:37)<\/li>\n<li><b>Camilla Astrom, Petra Haraldson<\/b>. Du ska tacka. (<i>Vapenl\u00f6s- Camilla \u00c5str\u00f6m och Petra Haraldson tolkar Karin Boye, 2020<\/i>, Kakafon KAKADA001; 04:55)<\/li>\n<\/ol>\n<p><img loading=\"lazy\" decoding=\"async\" class=\"alignnone size-thumbnail wp-image-3375\" src=\"https:\/\/www.stokstaartje.nl\/mijn-folkit-blog\/wp-content\/uploads\/2023\/03\/cover-01-150x150.jpg\" alt=\"\" width=\"150\" height=\"150\" srcset=\"https:\/\/www.stokstaartje.nl\/mijn-folkit-blog\/wp-content\/uploads\/2023\/03\/cover-01-150x150.jpg 150w, https:\/\/www.stokstaartje.nl\/mijn-folkit-blog\/wp-content\/uploads\/2023\/03\/cover-01-300x300.jpg 300w, https:\/\/www.stokstaartje.nl\/mijn-folkit-blog\/wp-content\/uploads\/2023\/03\/cover-01-1024x1024.jpg 1024w, https:\/\/www.stokstaartje.nl\/mijn-folkit-blog\/wp-content\/uploads\/2023\/03\/cover-01-768x768.jpg 768w, https:\/\/www.stokstaartje.nl\/mijn-folkit-blog\/wp-content\/uploads\/2023\/03\/cover-01-1536x1536.jpg 1536w, https:\/\/www.stokstaartje.nl\/mijn-folkit-blog\/wp-content\/uploads\/2023\/03\/cover-01-1200x1200.jpg 1200w, https:\/\/www.stokstaartje.nl\/mijn-folkit-blog\/wp-content\/uploads\/2023\/03\/cover-01.jpg 1665w\" sizes=\"auto, (max-width: 150px) 85vw, 150px\" \/>\u00a0 <img loading=\"lazy\" decoding=\"async\" class=\"alignnone size-thumbnail wp-image-3376\" src=\"https:\/\/www.stokstaartje.nl\/mijn-folkit-blog\/wp-content\/uploads\/2023\/03\/cover-02-150x150.jpg\" alt=\"\" width=\"150\" height=\"150\" srcset=\"https:\/\/www.stokstaartje.nl\/mijn-folkit-blog\/wp-content\/uploads\/2023\/03\/cover-02-150x150.jpg 150w, https:\/\/www.stokstaartje.nl\/mijn-folkit-blog\/wp-content\/uploads\/2023\/03\/cover-02-300x300.jpg 300w, https:\/\/www.stokstaartje.nl\/mijn-folkit-blog\/wp-content\/uploads\/2023\/03\/cover-02.jpg 750w\" sizes=\"auto, (max-width: 150px) 85vw, 150px\" \/>\u00a0 <img loading=\"lazy\" decoding=\"async\" class=\"alignnone size-thumbnail wp-image-3377\" src=\"https:\/\/www.stokstaartje.nl\/mijn-folkit-blog\/wp-content\/uploads\/2023\/03\/cover-03-150x150.jpg\" alt=\"\" width=\"150\" height=\"150\" srcset=\"https:\/\/www.stokstaartje.nl\/mijn-folkit-blog\/wp-content\/uploads\/2023\/03\/cover-03-150x150.jpg 150w, https:\/\/www.stokstaartje.nl\/mijn-folkit-blog\/wp-content\/uploads\/2023\/03\/cover-03-300x300.jpg 300w, https:\/\/www.stokstaartje.nl\/mijn-folkit-blog\/wp-content\/uploads\/2023\/03\/cover-03.jpg 512w\" sizes=\"auto, (max-width: 150px) 85vw, 150px\" \/><\/p>\n<p><img loading=\"lazy\" decoding=\"async\" class=\"alignnone size-thumbnail wp-image-3378\" src=\"https:\/\/www.stokstaartje.nl\/mijn-folkit-blog\/wp-content\/uploads\/2023\/03\/cover-04-150x150.jpg\" alt=\"\" width=\"150\" height=\"150\" srcset=\"https:\/\/www.stokstaartje.nl\/mijn-folkit-blog\/wp-content\/uploads\/2023\/03\/cover-04-150x150.jpg 150w, https:\/\/www.stokstaartje.nl\/mijn-folkit-blog\/wp-content\/uploads\/2023\/03\/cover-04-300x300.jpg 300w, https:\/\/www.stokstaartje.nl\/mijn-folkit-blog\/wp-content\/uploads\/2023\/03\/cover-04-1024x1024.jpg 1024w, https:\/\/www.stokstaartje.nl\/mijn-folkit-blog\/wp-content\/uploads\/2023\/03\/cover-04-768x768.jpg 768w, https:\/\/www.stokstaartje.nl\/mijn-folkit-blog\/wp-content\/uploads\/2023\/03\/cover-04.jpg 1200w\" sizes=\"auto, (max-width: 150px) 85vw, 150px\" \/>\u00a0 <img loading=\"lazy\" decoding=\"async\" class=\"alignnone size-thumbnail wp-image-3379\" src=\"https:\/\/www.stokstaartje.nl\/mijn-folkit-blog\/wp-content\/uploads\/2023\/03\/cover-05-150x150.jpg\" alt=\"\" width=\"150\" height=\"150\" srcset=\"https:\/\/www.stokstaartje.nl\/mijn-folkit-blog\/wp-content\/uploads\/2023\/03\/cover-05-150x150.jpg 150w, https:\/\/www.stokstaartje.nl\/mijn-folkit-blog\/wp-content\/uploads\/2023\/03\/cover-05-300x300.jpg 300w, https:\/\/www.stokstaartje.nl\/mijn-folkit-blog\/wp-content\/uploads\/2023\/03\/cover-05-1024x1024.jpg 1024w, https:\/\/www.stokstaartje.nl\/mijn-folkit-blog\/wp-content\/uploads\/2023\/03\/cover-05-768x768.jpg 768w, https:\/\/www.stokstaartje.nl\/mijn-folkit-blog\/wp-content\/uploads\/2023\/03\/cover-05.jpg 1200w\" sizes=\"auto, (max-width: 150px) 85vw, 150px\" \/><\/p>\n","protected":false},"excerpt":{"rendered":"<p>playlist | beluister het programma: In deze FolkIt een paar recente CDs: De CD Karuselli van de Fins-Duitse groep Uusikuu kwam vorig jaar uit en is, nadat de groep 16 jaar geleden werd opgericht, hun 5e CD. De groep speelt muziek die in Finland populair was, en beschouwt het als zijn taak de Finse tango &hellip; <a href=\"https:\/\/www.stokstaartje.nl\/mijn-folkit-blog\/2023\/03\/29\/folkit-8-april-2023\/\" class=\"more-link\">Lees verder <span class=\"screen-reader-text\">&#8220;FolkIt, 9 april 2023&#8221;<\/span><\/a><\/p>\n","protected":false},"author":1,"featured_media":0,"comment_status":"closed","ping_status":"closed","sticky":false,"template":"","format":"standard","meta":{"footnotes":""},"categories":[1],"tags":[],"class_list":["post-3373","post","type-post","status-publish","format-standard","hentry","category-geen-categorie"],"_links":{"self":[{"href":"https:\/\/www.stokstaartje.nl\/mijn-folkit-blog\/wp-json\/wp\/v2\/posts\/3373","targetHints":{"allow":["GET"]}}],"collection":[{"href":"https:\/\/www.stokstaartje.nl\/mijn-folkit-blog\/wp-json\/wp\/v2\/posts"}],"about":[{"href":"https:\/\/www.stokstaartje.nl\/mijn-folkit-blog\/wp-json\/wp\/v2\/types\/post"}],"author":[{"embeddable":true,"href":"https:\/\/www.stokstaartje.nl\/mijn-folkit-blog\/wp-json\/wp\/v2\/users\/1"}],"replies":[{"embeddable":true,"href":"https:\/\/www.stokstaartje.nl\/mijn-folkit-blog\/wp-json\/wp\/v2\/comments?post=3373"}],"version-history":[{"count":12,"href":"https:\/\/www.stokstaartje.nl\/mijn-folkit-blog\/wp-json\/wp\/v2\/posts\/3373\/revisions"}],"predecessor-version":[{"id":3396,"href":"https:\/\/www.stokstaartje.nl\/mijn-folkit-blog\/wp-json\/wp\/v2\/posts\/3373\/revisions\/3396"}],"wp:attachment":[{"href":"https:\/\/www.stokstaartje.nl\/mijn-folkit-blog\/wp-json\/wp\/v2\/media?parent=3373"}],"wp:term":[{"taxonomy":"category","embeddable":true,"href":"https:\/\/www.stokstaartje.nl\/mijn-folkit-blog\/wp-json\/wp\/v2\/categories?post=3373"},{"taxonomy":"post_tag","embeddable":true,"href":"https:\/\/www.stokstaartje.nl\/mijn-folkit-blog\/wp-json\/wp\/v2\/tags?post=3373"}],"curies":[{"name":"wp","href":"https:\/\/api.w.org\/{rel}","templated":true}]}}