{"id":3266,"date":"2022-12-28T12:54:15","date_gmt":"2022-12-28T11:54:15","guid":{"rendered":"https:\/\/www.stokstaartje.nl\/mijn-folkit-blog\/?p=3266"},"modified":"2024-08-18T16:58:34","modified_gmt":"2024-08-18T14:58:34","slug":"folkit-8-januari-2023-kreta","status":"publish","type":"post","link":"https:\/\/www.stokstaartje.nl\/mijn-folkit-blog\/2022\/12\/28\/folkit-8-januari-2023-kreta\/","title":{"rendered":"FolkIt, 8 januari 2023: Kreta"},"content":{"rendered":"<p><a href=\"#playlist\">bekijk speellijst<\/a> | beluister het programma<\/p>\n<audio class=\"wp-audio-shortcode\" id=\"audio-3266-1\" preload=\"none\" style=\"width: 100%;\" controls=\"controls\"><source type=\"audio\/mpeg\" src=\"https:\/\/www.stokstaartje.nl\/mijn-folkit-blog\/radio\/20230108.mp3?_=1\" \/><a href=\"https:\/\/www.stokstaartje.nl\/mijn-folkit-blog\/radio\/20230108.mp3\">https:\/\/www.stokstaartje.nl\/mijn-folkit-blog\/radio\/20230108.mp3<\/a><\/audio>\n<p>Er is al eerder aandacht besteed aan muziek van Kreta, o.a.:<\/p>\n<p><a href=\"https:\/\/www.stokstaartje.nl\/mijn-folkit-blog\/2018\/11\/17\/folkit-29-november-2018\/\">FolkIt, 29 november 2018: 100 jaar muziek van Kreta deel 1: 1920- 1955<\/a><\/p>\n<p><a href=\"https:\/\/www.stokstaartje.nl\/mijn-folkit-blog\/2019\/01\/16\/folkit-31-januari-2019-kreta-1950-1990\/\">FolkIt, 31 januari 2019: Kreta 1950- 1990<\/a><\/p>\n<p><a href=\"https:\/\/www.stokstaartje.nl\/mijn-folkit-blog\/2019\/05\/16\/folkit-30-mei-2019-100-jaar-muziek-van-kreta-3\/\">FolkIt, 30 mei 2019: 100 jaar muziek van Kreta (3)<\/a><\/p>\n<p>&nbsp;<br \/>\n<a name=\"playlist\"><\/a>playlist:<\/p>\n<ol>\n<li><strong>Vang\u00e9lis Tit\u00e1kis, Gi\u00f3rgos Drakogiann\u00e1kis<\/strong>. Sig\u00e1 sig\u00e1 (2022)<\/li>\n<li><strong>Maria Koti<\/strong>. Diathiki (O Paratiritis, 2021, Aerakis \u0391\u039c\u0391470)<\/li>\n<li><strong>Giannis Paximadakis, Foteini Voutira<\/strong>. Skies (2022)<\/li>\n<li><strong>Despina Aspra, Vasilis Dramountanis<\/strong>. \u00c9nas krymm\u00e9nos \u00e9rotas (2022)<\/li>\n<li><strong>Bampis Thergiakis<\/strong>. Darky (Sti Chora Ton Paramythion, 2012)<\/li>\n<li><strong>Bampis Thergiakis<\/strong>. Oneiro Axediliato (Sti Chora Ton Paramythion, 2012)<\/li>\n<li><strong>Nikos Patentalakis<\/strong>. Erotikous Magnitismous (syrtos) (Erotikous Magnitismous, Phaistos, 1991)<\/li>\n<li><strong>Nikos Patentalakis<\/strong>. Lavomaties (syrtos) (Erotikous Magnitismous, Phaistos, 1991)<\/li>\n<li><strong>Nikos Patentalakis<\/strong>. Melachrinaki (syrtos) (Erotikous Magnitismous, Phaistos, 1991)<\/li>\n<li><strong>Nikos Patentalakis<\/strong>. Pes To (kontylies) (Erotikous Magnitismous, Phaistos, 1991)<\/li>\n<li><strong>Nikos Patentalakis<\/strong>. Na Pas Allou (syrtos) (Erotikous Magnitismous, Phaistos, 1991)<\/li>\n<li><strong>Manolis Saloutros, Giorgis Xylouris<\/strong>. Zoi Kai Thanato Skorpas (To Taxidi Tou Nostou, 2022, Aerakis \u0391\u039c\u0391480)<\/li>\n<li><strong>Manolis Saloutros, Giorgis Xylouris<\/strong>. Mikro Paidi o Erotas (To Taxidi Tou Nostou, 2022, Aerakis \u0391\u039c\u0391480)<\/li>\n<\/ol>\n","protected":false},"excerpt":{"rendered":"<p>bekijk speellijst | beluister het programma Er is al eerder aandacht besteed aan muziek van Kreta, o.a.: FolkIt, 29 november 2018: 100 jaar muziek van Kreta deel 1: 1920- 1955 FolkIt, 31 januari 2019: Kreta 1950- 1990 FolkIt, 30 mei 2019: 100 jaar muziek van Kreta (3) &nbsp; playlist: Vang\u00e9lis Tit\u00e1kis, Gi\u00f3rgos Drakogiann\u00e1kis. Sig\u00e1 sig\u00e1 &hellip; <a href=\"https:\/\/www.stokstaartje.nl\/mijn-folkit-blog\/2022\/12\/28\/folkit-8-januari-2023-kreta\/\" class=\"more-link\">Lees verder <span class=\"screen-reader-text\">&#8220;FolkIt, 8 januari 2023: Kreta&#8221;<\/span><\/a><\/p>\n","protected":false},"author":1,"featured_media":0,"comment_status":"closed","ping_status":"closed","sticky":false,"template":"","format":"standard","meta":{"footnotes":""},"categories":[10,1],"tags":[],"class_list":["post-3266","post","type-post","status-publish","format-standard","hentry","category-folkit-concertzender","category-geen-categorie"],"_links":{"self":[{"href":"https:\/\/www.stokstaartje.nl\/mijn-folkit-blog\/wp-json\/wp\/v2\/posts\/3266","targetHints":{"allow":["GET"]}}],"collection":[{"href":"https:\/\/www.stokstaartje.nl\/mijn-folkit-blog\/wp-json\/wp\/v2\/posts"}],"about":[{"href":"https:\/\/www.stokstaartje.nl\/mijn-folkit-blog\/wp-json\/wp\/v2\/types\/post"}],"author":[{"embeddable":true,"href":"https:\/\/www.stokstaartje.nl\/mijn-folkit-blog\/wp-json\/wp\/v2\/users\/1"}],"replies":[{"embeddable":true,"href":"https:\/\/www.stokstaartje.nl\/mijn-folkit-blog\/wp-json\/wp\/v2\/comments?post=3266"}],"version-history":[{"count":6,"href":"https:\/\/www.stokstaartje.nl\/mijn-folkit-blog\/wp-json\/wp\/v2\/posts\/3266\/revisions"}],"predecessor-version":[{"id":3321,"href":"https:\/\/www.stokstaartje.nl\/mijn-folkit-blog\/wp-json\/wp\/v2\/posts\/3266\/revisions\/3321"}],"wp:attachment":[{"href":"https:\/\/www.stokstaartje.nl\/mijn-folkit-blog\/wp-json\/wp\/v2\/media?parent=3266"}],"wp:term":[{"taxonomy":"category","embeddable":true,"href":"https:\/\/www.stokstaartje.nl\/mijn-folkit-blog\/wp-json\/wp\/v2\/categories?post=3266"},{"taxonomy":"post_tag","embeddable":true,"href":"https:\/\/www.stokstaartje.nl\/mijn-folkit-blog\/wp-json\/wp\/v2\/tags?post=3266"}],"curies":[{"name":"wp","href":"https:\/\/api.w.org\/{rel}","templated":true}]}}