{"id":2871,"date":"2021-10-31T19:38:59","date_gmt":"2021-10-31T18:38:59","guid":{"rendered":"https:\/\/www.stokstaartje.nl\/mijn-folkit-blog\/?p=2871"},"modified":"2024-08-18T17:00:04","modified_gmt":"2024-08-18T15:00:04","slug":"folkit-14-november-2021","status":"publish","type":"post","link":"https:\/\/www.stokstaartje.nl\/mijn-folkit-blog\/2021\/10\/31\/folkit-14-november-2021\/","title":{"rendered":"FolkIt, 14 november 2021: Anne-Mari Kivim\u00e4ki"},"content":{"rendered":"<audio class=\"wp-audio-shortcode\" id=\"audio-2871-1\" preload=\"none\" style=\"width: 100%;\" controls=\"controls\"><source type=\"audio\/mpeg\" src=\"https:\/\/www.stokstaartje.nl\/mijn-folkit-blog\/radio\/20211114.mp3?_=1\" \/><a href=\"https:\/\/www.stokstaartje.nl\/mijn-folkit-blog\/radio\/20211114.mp3\">https:\/\/www.stokstaartje.nl\/mijn-folkit-blog\/radio\/20211114.mp3<\/a><\/audio>\n<p><a href=\"#playlist\">playlist<\/a><\/p>\n<p>Vandaag in FolkIt! aandacht voor de Finse accordeoniste, componiste en zangeres <a href=\"http:\/\/www.annemarikivimaki.fi\/\" target=\"_blank\" rel=\"noopener\">Anne-Mari Kivim\u00e4ki<\/a>.<\/p>\n<p><img loading=\"lazy\" decoding=\"async\" class=\"alignnone size-large wp-image-2880\" src=\"https:\/\/www.stokstaartje.nl\/mijn-folkit-blog\/wp-content\/uploads\/2021\/10\/13-3-6575768-1024x576.webp\" alt=\"\" width=\"840\" height=\"473\" srcset=\"https:\/\/www.stokstaartje.nl\/mijn-folkit-blog\/wp-content\/uploads\/2021\/10\/13-3-6575768-1024x576.webp 1024w, https:\/\/www.stokstaartje.nl\/mijn-folkit-blog\/wp-content\/uploads\/2021\/10\/13-3-6575768-300x169.webp 300w, https:\/\/www.stokstaartje.nl\/mijn-folkit-blog\/wp-content\/uploads\/2021\/10\/13-3-6575768-768x432.webp 768w, https:\/\/www.stokstaartje.nl\/mijn-folkit-blog\/wp-content\/uploads\/2021\/10\/13-3-6575768.webp 1199w\" sizes=\"auto, (max-width: 709px) 85vw, (max-width: 909px) 67vw, (max-width: 1362px) 62vw, 840px\" \/><\/p>\n<p>Anne-Mari Kivim\u00e4ki werd in 1976 in <a href=\"https:\/\/nl.wikipedia.org\/wiki\/Tampere\" target=\"_blank\" rel=\"noopener\">Tampere<\/a>, de textielstad van Finland, geboren. Ze raakte op 13-jarige leeftijd besmet met het folk-virus. Inmiddels is ze, mede door haar manier van spelen, een opvallende verschijning in de Finse folk scene. Ze speelt op een Notka-accordeon: een kleine accordeon uit Rusland.<\/p>\n<p><iframe loading=\"lazy\" title=\"Anne-Mari Kivim\u00e4ki &amp; Palomylly -76: Live 20.6.2017 \/ Pitk\u00e4nvaaraan\" width=\"840\" height=\"473\" src=\"https:\/\/www.youtube.com\/embed\/cNQep1FIH7E?feature=oembed\" frameborder=\"0\" allow=\"accelerometer; autoplay; clipboard-write; encrypted-media; gyroscope; picture-in-picture\" allowfullscreen><\/iframe><\/p>\n<p>In dit programma aandacht voor haar verschillende projecten, met verwijzingen naar de regionale muziektradities in Finland, zoals Suistamo, <a href=\"https:\/\/nl.wikipedia.org\/wiki\/Kareli%C3%AB\" target=\"_blank\" rel=\"noopener\">Kareli\u00eb<\/a>. Een daarvan heet <a href=\"http:\/\/www.suistamonsahko.fi\/conserts\/\" target=\"_blank\" rel=\"noopener\">Suistamon S\u00e4hk\u00f6<\/a>, een kwartet met onder meer Anne-Mari Kivim\u00e4ki en Eero Grundstr\u00f6m. De naam van de band is Fins voor Suistamo Electriciteit. <a href=\"https:\/\/fi.wikipedia.org\/wiki\/Suistamo\" target=\"_blank\" rel=\"noopener\">Suistamo<\/a> is een regio in het zuiden van Finland, in het grensgebied met Rusland. De muziek uit dit gebied speelde een centrale rol in het proefschrift dat Kivim\u00e4ki schreef na haar opleiding aan de <a href=\"https:\/\/www.uniarts.fi\/en\/units\/sibelius-academy\/\" target=\"_blank\" rel=\"noopener\">Sibelius Academie<\/a> in Helsinki. Deze muziektraditie klinkt ook door in veel van de stukken.<\/p>\n<p><iframe loading=\"lazy\" title=\"Suistamon S\u00e4hk\u00f6 - Kutsu (Official Music Video)\" width=\"840\" height=\"473\" src=\"https:\/\/www.youtube.com\/embed\/E4ymyh_I8Ic?feature=oembed\" frameborder=\"0\" allow=\"accelerometer; autoplay; clipboard-write; encrypted-media; gyroscope; picture-in-picture\" allowfullscreen><\/iframe><\/p>\n<p>Aan het einde van dit programma kunt u nog luisteren naar twee stukken van Lakkautettu Kyl\u00e4 uit 2015. Het eerste stuk is een historische opname van Ilja Kotikallio, naar een accordeonist en verteller uit Suistamo die in 1961 overleed.<\/p>\n<p><a name=\"playlist\">playlist<\/a>:<\/p>\n<ol>\n<li><b>Puhti<\/b>. Helevetin saaria (intro). (<i>Komia, 2016<\/i>, Nordic Notes NN076; 00:48)<\/li>\n<li><b>Anne-Mari Kivim\u00e4ki<\/b>. Kankkusp\u00e4iv\u00e4st\u00e4 Karjala. (<i>Aikapy\u00f6r\u00e4, 2013<\/i>, Kihtin\u00e4j\u00e4rvi Records K3JCD003; 03:42)<\/li>\n<li><b>Anne-Mari Kivim\u00e4ki<\/b>. Kaivos. (<i>Lakkautettu kyl\u00e4, 2015<\/i>, Nordic Notes NN079; 05:53)<\/li>\n<li><b>Anne-Mari Kivim\u00e4ki<\/b>. \u00c4\u00e4nisen aallot. (<i>Lakkautettu kyl\u00e4, 2015<\/i>, Nordic Notes NN079; 03:48)<\/li>\n<li><b>Suistamon S\u00e4hk\u00f6<\/b>. Py\u00f6ritt\u00e4j\u00e4\/ Py\u00f6ritt\u00e4j\u00e4 Village. (<i>Suistamon S\u00e4hk\u00f6, 2015<\/i>, Nordic Notes NN080; 05:59)<\/li>\n<li><b>Puhti<\/b>. Kaijasj\u00e4rvi. (<i>Komia, 2016<\/i>, Nordic Notes NN076; 03:26)<\/li>\n<li><b>Puhti<\/b>. Lemmennostohumppa. (<i>Komia, 2016<\/i>, Nordic Notes NN076; 03:01)<\/li>\n<li><b>Suistamon S\u00e4hk\u00f6<\/b>. Hummani hei. (<i>Etkot, pectopa? ja etnoteknoa, 2018<\/i>, Nordic Notes NN120; 04:45)<\/li>\n<li><b>Suistamon S\u00e4hk\u00f6<\/b>. Silkki\u00e4 vaan. (<i>Etkot, pectopa? ja etnoteknoa, 2018<\/i>, Nordic Notes NN120; 03:42)<\/li>\n<li><b>Anne-Mari Kivim\u00e4ki<\/b>. Anarkiaa Karjalassa = Anarchy In Karelia. (<i>Ilja, 2018<\/i>, Kihtin\u00e4j\u00e4rvi Records- K3JCD011; 01:21)<\/li>\n<li><b>Anne-Mari Kivim\u00e4ki<\/b>. Karjalan Poikia Karjalassa = Karelian Boys In Karelia. (<i>Ilja, 2018<\/i>, Kihtin\u00e4j\u00e4rvi Records- K3JCD011; 05:20)<\/li>\n<li><b>Suistamon S\u00e4hk\u00f6<\/b>. Liitelen. (<i>Varokaa Hengenvaara, 2021<\/i>, Nordic Notes K3JCD015; 03:57)<\/li>\n<li><b>Suistamon S\u00e4hk\u00f6<\/b>. Up&#8217;n Down. (<i>Varokaa Hengenvaara, 2021<\/i>, Nordic Notes K3JCD015; 04:46)<\/li>\n<li><b>Anne-Mari Kivim\u00e4ki<\/b>. Ilja Kotikallio. (<i>Lakkautettu kyl\u00e4, 2015<\/i>, Nordic Notes NN079; 00:52)<\/li>\n<li><b>Anne-Mari Kivim\u00e4ki<\/b>. El\u00e4m\u00e4\u00e4 juoksuhaudoissa. (<i>Lakkautettu kyl\u00e4, 2015<\/i>, Nordic Notes NN079; 07:43)<\/li>\n<\/ol>\n<p><img loading=\"lazy\" decoding=\"async\" class=\"alignnone size-thumbnail wp-image-2889\" src=\"https:\/\/www.stokstaartje.nl\/mijn-folkit-blog\/wp-content\/uploads\/2021\/10\/07-150x150.jpg\" alt=\"\" width=\"150\" height=\"150\" \/> \u00a0 <img loading=\"lazy\" decoding=\"async\" class=\"alignnone size-thumbnail wp-image-2888\" src=\"https:\/\/www.stokstaartje.nl\/mijn-folkit-blog\/wp-content\/uploads\/2021\/10\/06-150x150.jpg\" alt=\"\" width=\"150\" height=\"150\" \/> \u00a0 <img loading=\"lazy\" decoding=\"async\" class=\"alignnone size-thumbnail wp-image-2887\" src=\"https:\/\/www.stokstaartje.nl\/mijn-folkit-blog\/wp-content\/uploads\/2021\/10\/05-150x150.jpg\" alt=\"\" width=\"150\" height=\"150\" srcset=\"https:\/\/www.stokstaartje.nl\/mijn-folkit-blog\/wp-content\/uploads\/2021\/10\/05-150x150.jpg 150w, https:\/\/www.stokstaartje.nl\/mijn-folkit-blog\/wp-content\/uploads\/2021\/10\/05-300x300.jpg 300w, https:\/\/www.stokstaartje.nl\/mijn-folkit-blog\/wp-content\/uploads\/2021\/10\/05.jpg 500w\" sizes=\"auto, (max-width: 150px) 85vw, 150px\" \/><\/p>\n<p><img loading=\"lazy\" decoding=\"async\" class=\"alignnone size-thumbnail wp-image-2886\" src=\"https:\/\/www.stokstaartje.nl\/mijn-folkit-blog\/wp-content\/uploads\/2021\/10\/04-150x150.jpg\" alt=\"\" width=\"150\" height=\"150\" \/> \u00a0 <img loading=\"lazy\" decoding=\"async\" class=\"alignnone size-thumbnail wp-image-2885\" src=\"https:\/\/www.stokstaartje.nl\/mijn-folkit-blog\/wp-content\/uploads\/2021\/10\/03-150x150.jpg\" alt=\"\" width=\"150\" height=\"150\" srcset=\"https:\/\/www.stokstaartje.nl\/mijn-folkit-blog\/wp-content\/uploads\/2021\/10\/03-150x150.jpg 150w, https:\/\/www.stokstaartje.nl\/mijn-folkit-blog\/wp-content\/uploads\/2021\/10\/03.jpg 225w\" sizes=\"auto, (max-width: 150px) 85vw, 150px\" \/> \u00a0 <img loading=\"lazy\" decoding=\"async\" class=\"alignnone size-thumbnail wp-image-2884\" src=\"https:\/\/www.stokstaartje.nl\/mijn-folkit-blog\/wp-content\/uploads\/2021\/10\/02-150x150.jpg\" alt=\"\" width=\"150\" height=\"150\" \/><\/p>\n<p><img loading=\"lazy\" decoding=\"async\" class=\"alignnone size-thumbnail wp-image-2883\" src=\"https:\/\/www.stokstaartje.nl\/mijn-folkit-blog\/wp-content\/uploads\/2021\/10\/01-150x150.jpg\" alt=\"\" width=\"150\" height=\"150\" \/><\/p>\n","protected":false},"excerpt":{"rendered":"<p>playlist Vandaag in FolkIt! aandacht voor de Finse accordeoniste, componiste en zangeres Anne-Mari Kivim\u00e4ki. Anne-Mari Kivim\u00e4ki werd in 1976 in Tampere, de textielstad van Finland, geboren. Ze raakte op 13-jarige leeftijd besmet met het folk-virus. Inmiddels is ze, mede door haar manier van spelen, een opvallende verschijning in de Finse folk scene. Ze speelt op &hellip; <a href=\"https:\/\/www.stokstaartje.nl\/mijn-folkit-blog\/2021\/10\/31\/folkit-14-november-2021\/\" class=\"more-link\">Lees verder <span class=\"screen-reader-text\">&#8220;FolkIt, 14 november 2021: Anne-Mari Kivim\u00e4ki&#8221;<\/span><\/a><\/p>\n","protected":false},"author":1,"featured_media":0,"comment_status":"closed","ping_status":"closed","sticky":false,"template":"","format":"standard","meta":{"footnotes":""},"categories":[1],"tags":[],"class_list":["post-2871","post","type-post","status-publish","format-standard","hentry","category-geen-categorie"],"_links":{"self":[{"href":"https:\/\/www.stokstaartje.nl\/mijn-folkit-blog\/wp-json\/wp\/v2\/posts\/2871","targetHints":{"allow":["GET"]}}],"collection":[{"href":"https:\/\/www.stokstaartje.nl\/mijn-folkit-blog\/wp-json\/wp\/v2\/posts"}],"about":[{"href":"https:\/\/www.stokstaartje.nl\/mijn-folkit-blog\/wp-json\/wp\/v2\/types\/post"}],"author":[{"embeddable":true,"href":"https:\/\/www.stokstaartje.nl\/mijn-folkit-blog\/wp-json\/wp\/v2\/users\/1"}],"replies":[{"embeddable":true,"href":"https:\/\/www.stokstaartje.nl\/mijn-folkit-blog\/wp-json\/wp\/v2\/comments?post=2871"}],"version-history":[{"count":10,"href":"https:\/\/www.stokstaartje.nl\/mijn-folkit-blog\/wp-json\/wp\/v2\/posts\/2871\/revisions"}],"predecessor-version":[{"id":2879,"href":"https:\/\/www.stokstaartje.nl\/mijn-folkit-blog\/wp-json\/wp\/v2\/posts\/2871\/revisions\/2879"}],"wp:attachment":[{"href":"https:\/\/www.stokstaartje.nl\/mijn-folkit-blog\/wp-json\/wp\/v2\/media?parent=2871"}],"wp:term":[{"taxonomy":"category","embeddable":true,"href":"https:\/\/www.stokstaartje.nl\/mijn-folkit-blog\/wp-json\/wp\/v2\/categories?post=2871"},{"taxonomy":"post_tag","embeddable":true,"href":"https:\/\/www.stokstaartje.nl\/mijn-folkit-blog\/wp-json\/wp\/v2\/tags?post=2871"}],"curies":[{"name":"wp","href":"https:\/\/api.w.org\/{rel}","templated":true}]}}