{"id":2613,"date":"2020-12-29T01:08:01","date_gmt":"2020-12-29T00:08:01","guid":{"rendered":"https:\/\/www.stokstaartje.nl\/mijn-folkit-blog\/?p=2613"},"modified":"2024-08-18T17:01:39","modified_gmt":"2024-08-18T15:01:39","slug":"folkit-10-januari-2021-estland","status":"publish","type":"post","link":"https:\/\/www.stokstaartje.nl\/mijn-folkit-blog\/2020\/12\/29\/folkit-10-januari-2021-estland\/","title":{"rendered":"FolkIt, 10 januari 2021: Estland"},"content":{"rendered":"<p><a href=\"#playlist\">playlist<\/a> | <a href=\"https:\/\/www.concertzender.nl\/programma\/folk_it_588827\/\" target=\"_blank\" rel=\"noopener noreferrer\">programma-aankondiging Concertzender<\/a><\/p>\n<audio class=\"wp-audio-shortcode\" id=\"audio-2613-1\" preload=\"none\" style=\"width: 100%;\" controls=\"controls\"><source type=\"audio\/mpeg\" src=\"https:\/\/www.stokstaartje.nl\/mijn-folkit-blog\/radio\/20210110.mp3?_=1\" \/><a href=\"https:\/\/www.stokstaartje.nl\/mijn-folkit-blog\/radio\/20210110.mp3\">https:\/\/www.stokstaartje.nl\/mijn-folkit-blog\/radio\/20210110.mp3<\/a><\/audio>\n<p>Vandaag in FolkIt! aandacht folkmuziek uit Estland. Estland kent, evenals de andere Baltische staten, een levendige folk traditie en een aantal musici die, elk op hun eigen manier, gebruiken van de rijke muzikale traditie. Gelukkig is deze muziek ook buiten Estland redelijk goed verkrijgbaar, bijvoorbeeld bij het Duitse <a href=\"https:\/\/nordic-notes.de\/\" target=\"_blank\" rel=\"noopener noreferrer\">Nordic Notes<\/a>.<br \/>\nIn deze aflevering van Folkit aandacht voor drie van hen die ook in de rest van Europa enige bekendheid genieten.<\/p>\n<p><iframe loading=\"lazy\" title=\"Tuulikki Bartosik live showreel 2019\" width=\"840\" height=\"473\" src=\"https:\/\/www.youtube.com\/embed\/UN_dNg5I4l0?feature=oembed\" frameborder=\"0\" allow=\"accelerometer; autoplay; clipboard-write; encrypted-media; gyroscope; picture-in-picture\" allowfullscreen><\/iframe><\/p>\n<p><strong><a href=\"https:\/\/tuulikkibartosik.com\/\" target=\"_blank\" rel=\"noopener noreferrer\">Tuulikki Bartosik<\/a> (<\/strong>accordeon en zang) is wellicht een van de bekendste musici uit Estland. De verhalende, muzikale traditie uit het zuiden van Estland is hoorbaar maar ook geldt ze als een van de meest vooraanstaande accordeonisten op dit moment.<\/p>\n<p><iframe loading=\"lazy\" title=\"Mari Kalkun - \u00d5unaaia album \/ Apple Orchard Album Live\" width=\"840\" height=\"473\" src=\"https:\/\/www.youtube.com\/embed\/AYQ-WgSJzyI?feature=oembed\" frameborder=\"0\" allow=\"accelerometer; autoplay; clipboard-write; encrypted-media; gyroscope; picture-in-picture\" allowfullscreen><\/iframe><\/p>\n<p><a href=\"https:\/\/www.marikalkun.com\/\" target=\"_blank\" rel=\"noopener noreferrer\"><strong>Mari Kalkun<\/strong><\/a> op diverse instrumenten en zang. Ze inspireert haar, grotendeels eigen, stukken op de traditionele muziek uit het zuiden van Estland. Ook natuur speelt een belanrijke rol in haar muziek. Ze leidt het Finse kwartet <strong>Runorun<\/strong>. Ze studeerde traditionele zang aan de Estse academie voor Muziek en Theater. Haar meest recente uitgave nam ze op in april en mei 2020. Als CD beperkt verkrijgbaar en verpakt in een hoesje met daarin gedroogde planten uit haar tuin, als aandenken aan de lente waarin we tijd hadden\u2026<\/p>\n<p><iframe loading=\"lazy\" title=\"Puuluup - K\u00e4papuu (Official Video)\" width=\"840\" height=\"473\" src=\"https:\/\/www.youtube.com\/embed\/pPbqsmh-qSw?feature=oembed\" frameborder=\"0\" allow=\"accelerometer; autoplay; clipboard-write; encrypted-media; gyroscope; picture-in-picture\" allowfullscreen><\/iframe><\/p>\n<p><strong>Ramo Teder<\/strong> vormt, samen met <strong>Marko Veisson<\/strong> het duo <a href=\"https:\/\/www.puuluup.ee\/\" target=\"_blank\" rel=\"noopener noreferrer\">Puuluup<\/a>: beiden zingen en spelen talharpa (kleine, traditionele harp uit Estland). Ze vullen hun stukken aan met allerlei andere instrumenten elektronica en laten zich inspireren door de muzikale tradities van Estland en ver daarbuiten.<\/p>\n<p><a name=\"playlist\"><\/a>playlist:<\/p>\n<ol>\n<li><b>Svjata Vatra<\/b>. Susidka. (<i>Nordic Notes Vol.5: Folk From Estonia, 2018<\/i>; 04:10)<\/li>\n<li><b>Tuulikki Bartosik, Ramo Teder, Mari Kalkun<\/b>. Rahapada. (<i>Upa-Upa Ubinak\u00f5n\u00f5, 2015<\/i>; 02:10)<\/li>\n<li><b>Tuulikki Bartosik<\/b>. M\u00e4lutaguse polka (Forgotten Village Polka). (<i>Torm Veeklaasis \/ Tempest in a Teapot, 2019<\/i>; 02:08)<\/li>\n<li><b>Tuulikki Bartosik<\/b>. Josefini h\u00e4llilaul (Josefins Lullaby). (<i>Torm Veeklaasis \/ Tempest in a Teapot, 2019<\/i>; 05:02)<\/li>\n<li><b>Tuulikki Bartosik, Ramo Teder, Mari Kalkun<\/b>. Kikkasiin. (<i>Upa-Upa Ubinak\u00f5n\u00f5, 2015<\/i>; 02:04)<\/li>\n<li><b>Mari Kalkun<\/b>. Kolm Ubinat. (<i>\u00d5unaaia, 2020<\/i>; 03:37)<\/li>\n<li><b>Mari Kalkun<\/b>. Linda linda (Fly linda) (ft. Linda Tatsi). (<i>Ilmam\u00f5tsan, 2017<\/i>; 03:41)<\/li>\n<li><b>Mari Kalkun<\/b>. Mu \u00f5nn. (<i>\u00dc\u00fc Tul\u00f5k, 2007<\/i>; 02:55)<\/li>\n<li><b>Mari Kalkun<\/b>. Linnaitk (City lament). (<i>Ilmam\u00f5tsan, 2017<\/i>; 03:26)<\/li>\n<li><b>Mari Kalkun &amp; Runorun<\/b>. Jakopi Un\u00f5n\u00e4go \/ Jakop&#8217;s Dream. (<i>Tii Ilo, 2016<\/i>; 05:52)<\/li>\n<li><b>Mari Kalkun &amp; Runorun<\/b>. L\u00e4ki Kodo \/ Let&#8217;s Go Home. (<i>Tii Ilo, 2016<\/i>; 03:13)<\/li>\n<li><b>Puuluup<\/b>. Homme on julgem. (<i>S\u00fc\u00fcta Mu Lumi, 2018<\/i>; 05:27)<\/li>\n<li><b>Puuluup<\/b>. Kaerata jaan. (<i>S\u00fc\u00fcta Mu Lumi, 2018<\/i>; 02:32)<\/li>\n<li><b>Puuluup<\/b>. Martafana. (<i>S\u00fc\u00fcta Mu Lumi, 2018<\/i>; 05:36)<\/li>\n<li><b>Tuulikki Bartosik, Ramo Teder, Mari Kalkun<\/b>. Talvin\u00f5 un\u00f5laul. (<i>Upa-Upa Ubinak\u00f5n\u00f5, 2015<\/i>; 04:22)<\/li>\n<li><b>Lepaseree<\/b>. Kolm T\u00fctart. (<i>Nordic Notes Vol.5: Folk From Estonia, 2018<\/i>; 04:22)<\/li>\n<\/ol>\n<p><img loading=\"lazy\" decoding=\"async\" class=\"alignnone size-thumbnail wp-image-2616\" src=\"https:\/\/www.stokstaartje.nl\/mijn-folkit-blog\/wp-content\/uploads\/2020\/12\/ee-01-150x150.jpg\" alt=\"\" width=\"150\" height=\"150\" srcset=\"https:\/\/www.stokstaartje.nl\/mijn-folkit-blog\/wp-content\/uploads\/2020\/12\/ee-01-150x150.jpg 150w, https:\/\/www.stokstaartje.nl\/mijn-folkit-blog\/wp-content\/uploads\/2020\/12\/ee-01-300x300.jpg 300w, https:\/\/www.stokstaartje.nl\/mijn-folkit-blog\/wp-content\/uploads\/2020\/12\/ee-01.jpg 512w\" sizes=\"auto, (max-width: 150px) 85vw, 150px\" \/>\u00a0 <img loading=\"lazy\" decoding=\"async\" class=\"alignnone size-thumbnail wp-image-2617\" src=\"https:\/\/www.stokstaartje.nl\/mijn-folkit-blog\/wp-content\/uploads\/2020\/12\/ee-02-150x150.jpg\" alt=\"\" width=\"150\" height=\"150\" srcset=\"https:\/\/www.stokstaartje.nl\/mijn-folkit-blog\/wp-content\/uploads\/2020\/12\/ee-02-150x150.jpg 150w, https:\/\/www.stokstaartje.nl\/mijn-folkit-blog\/wp-content\/uploads\/2020\/12\/ee-02-300x300.jpg 300w, https:\/\/www.stokstaartje.nl\/mijn-folkit-blog\/wp-content\/uploads\/2020\/12\/ee-02.jpg 512w\" sizes=\"auto, (max-width: 150px) 85vw, 150px\" \/>\u00a0 <img loading=\"lazy\" decoding=\"async\" class=\"alignnone size-thumbnail wp-image-2618\" src=\"https:\/\/www.stokstaartje.nl\/mijn-folkit-blog\/wp-content\/uploads\/2020\/12\/ee-03-150x150.jpg\" alt=\"\" width=\"150\" height=\"150\" \/><\/p>\n<p><img loading=\"lazy\" decoding=\"async\" class=\"alignnone size-thumbnail wp-image-2619\" src=\"https:\/\/www.stokstaartje.nl\/mijn-folkit-blog\/wp-content\/uploads\/2020\/12\/ee-04-150x150.jpg\" alt=\"\" width=\"150\" height=\"150\" srcset=\"https:\/\/www.stokstaartje.nl\/mijn-folkit-blog\/wp-content\/uploads\/2020\/12\/ee-04-150x150.jpg 150w, https:\/\/www.stokstaartje.nl\/mijn-folkit-blog\/wp-content\/uploads\/2020\/12\/ee-04-300x300.jpg 300w, https:\/\/www.stokstaartje.nl\/mijn-folkit-blog\/wp-content\/uploads\/2020\/12\/ee-04.jpg 512w\" sizes=\"auto, (max-width: 150px) 85vw, 150px\" \/>\u00a0 <img loading=\"lazy\" decoding=\"async\" class=\"alignnone size-thumbnail wp-image-2620\" src=\"https:\/\/www.stokstaartje.nl\/mijn-folkit-blog\/wp-content\/uploads\/2020\/12\/ee-05-150x150.jpg\" alt=\"\" width=\"150\" height=\"150\" \/>\u00a0 <img loading=\"lazy\" decoding=\"async\" class=\"alignnone size-thumbnail wp-image-2621\" src=\"https:\/\/www.stokstaartje.nl\/mijn-folkit-blog\/wp-content\/uploads\/2020\/12\/ee-06-150x150.jpg\" alt=\"\" width=\"150\" height=\"150\" srcset=\"https:\/\/www.stokstaartje.nl\/mijn-folkit-blog\/wp-content\/uploads\/2020\/12\/ee-06-150x150.jpg 150w, https:\/\/www.stokstaartje.nl\/mijn-folkit-blog\/wp-content\/uploads\/2020\/12\/ee-06-300x300.jpg 300w, https:\/\/www.stokstaartje.nl\/mijn-folkit-blog\/wp-content\/uploads\/2020\/12\/ee-06.jpg 512w\" sizes=\"auto, (max-width: 150px) 85vw, 150px\" \/><\/p>\n<p><img loading=\"lazy\" decoding=\"async\" class=\"alignnone size-thumbnail wp-image-2622\" src=\"https:\/\/www.stokstaartje.nl\/mijn-folkit-blog\/wp-content\/uploads\/2020\/12\/ee-07-150x150.jpg\" alt=\"\" width=\"150\" height=\"150\" \/>\u00a0 <img loading=\"lazy\" decoding=\"async\" class=\"alignnone size-thumbnail wp-image-2623\" src=\"https:\/\/www.stokstaartje.nl\/mijn-folkit-blog\/wp-content\/uploads\/2020\/12\/ee-08-150x150.jpg\" alt=\"\" width=\"150\" height=\"150\" srcset=\"https:\/\/www.stokstaartje.nl\/mijn-folkit-blog\/wp-content\/uploads\/2020\/12\/ee-08-150x150.jpg 150w, https:\/\/www.stokstaartje.nl\/mijn-folkit-blog\/wp-content\/uploads\/2020\/12\/ee-08-300x300.jpg 300w, https:\/\/www.stokstaartje.nl\/mijn-folkit-blog\/wp-content\/uploads\/2020\/12\/ee-08.jpg 600w\" sizes=\"auto, (max-width: 150px) 85vw, 150px\" \/><\/p>\n","protected":false},"excerpt":{"rendered":"<p>playlist | programma-aankondiging Concertzender Vandaag in FolkIt! aandacht folkmuziek uit Estland. Estland kent, evenals de andere Baltische staten, een levendige folk traditie en een aantal musici die, elk op hun eigen manier, gebruiken van de rijke muzikale traditie. Gelukkig is deze muziek ook buiten Estland redelijk goed verkrijgbaar, bijvoorbeeld bij het Duitse Nordic Notes. In &hellip; <a href=\"https:\/\/www.stokstaartje.nl\/mijn-folkit-blog\/2020\/12\/29\/folkit-10-januari-2021-estland\/\" class=\"more-link\">Lees verder <span class=\"screen-reader-text\">&#8220;FolkIt, 10 januari 2021: Estland&#8221;<\/span><\/a><\/p>\n","protected":false},"author":1,"featured_media":0,"comment_status":"closed","ping_status":"closed","sticky":false,"template":"","format":"standard","meta":{"footnotes":""},"categories":[1],"tags":[],"class_list":["post-2613","post","type-post","status-publish","format-standard","hentry","category-geen-categorie"],"_links":{"self":[{"href":"https:\/\/www.stokstaartje.nl\/mijn-folkit-blog\/wp-json\/wp\/v2\/posts\/2613","targetHints":{"allow":["GET"]}}],"collection":[{"href":"https:\/\/www.stokstaartje.nl\/mijn-folkit-blog\/wp-json\/wp\/v2\/posts"}],"about":[{"href":"https:\/\/www.stokstaartje.nl\/mijn-folkit-blog\/wp-json\/wp\/v2\/types\/post"}],"author":[{"embeddable":true,"href":"https:\/\/www.stokstaartje.nl\/mijn-folkit-blog\/wp-json\/wp\/v2\/users\/1"}],"replies":[{"embeddable":true,"href":"https:\/\/www.stokstaartje.nl\/mijn-folkit-blog\/wp-json\/wp\/v2\/comments?post=2613"}],"version-history":[{"count":9,"href":"https:\/\/www.stokstaartje.nl\/mijn-folkit-blog\/wp-json\/wp\/v2\/posts\/2613\/revisions"}],"predecessor-version":[{"id":2634,"href":"https:\/\/www.stokstaartje.nl\/mijn-folkit-blog\/wp-json\/wp\/v2\/posts\/2613\/revisions\/2634"}],"wp:attachment":[{"href":"https:\/\/www.stokstaartje.nl\/mijn-folkit-blog\/wp-json\/wp\/v2\/media?parent=2613"}],"wp:term":[{"taxonomy":"category","embeddable":true,"href":"https:\/\/www.stokstaartje.nl\/mijn-folkit-blog\/wp-json\/wp\/v2\/categories?post=2613"},{"taxonomy":"post_tag","embeddable":true,"href":"https:\/\/www.stokstaartje.nl\/mijn-folkit-blog\/wp-json\/wp\/v2\/tags?post=2613"}],"curies":[{"name":"wp","href":"https:\/\/api.w.org\/{rel}","templated":true}]}}