{"id":2538,"date":"2020-09-27T18:30:05","date_gmt":"2020-09-27T16:30:05","guid":{"rendered":"https:\/\/www.stokstaartje.nl\/mijn-folkit-blog\/?p=2538"},"modified":"2020-11-08T17:03:01","modified_gmt":"2020-11-08T16:03:01","slug":"folkit-11-oktober-2020-folk-och-rackare","status":"publish","type":"post","link":"https:\/\/www.stokstaartje.nl\/mijn-folkit-blog\/2020\/09\/27\/folkit-11-oktober-2020-folk-och-rackare\/","title":{"rendered":"FolkIt, 11 oktober 2020: Folk och Rackare"},"content":{"rendered":"<p><a href=\"#playlist\">ga naar de playlist<\/a><\/p>\n<audio class=\"wp-audio-shortcode\" id=\"audio-2538-1\" preload=\"none\" style=\"width: 100%;\" controls=\"controls\"><source type=\"audio\/mpeg\" src=\"https:\/\/www.stokstaartje.nl\/mijn-folkit-blog\/radio\/20201011.mp3?_=1\" \/><a href=\"https:\/\/www.stokstaartje.nl\/mijn-folkit-blog\/radio\/20201011.mp3\">https:\/\/www.stokstaartje.nl\/mijn-folkit-blog\/radio\/20201011.mp3<\/a><\/audio>\n<p>Vandaag in FolkIt! aandacht voor <a href=\"http:\/\/www.folkochrackare.se\/\" target=\"_blank\" rel=\"noopener noreferrer\">Folk och Rackare<\/a>: een van de belangrijkste Scandinavische folk groepen uit de jaren zeventig. De groep was een inspiratiebron voor veel Scandinavische groepen. We beginnen deze aflevering met V\u00e4nner och fr\u00e4nder, dat in een versie van Garmarna te horen was in <a href=\"https:\/\/www.stokstaartje.nl\/mijn-folkit-blog\/2020\/06\/27\/folkit-12-juli-2020-garmarna\/\">een van de vorige afleveringen<\/a> van FolkIt.<br \/>\nOprichtster Carin Kjellman luistert in haar jeugd veel naar Britse folk en vraagt zich af of een vergelijkbare benadering van de Zweedse traditionele muziek denkbaar is.<\/p>\n<p><iframe loading=\"lazy\" title=\"Folk och Rackare Julprogram p\u00e5 SVT 1980\" width=\"840\" height=\"473\" src=\"https:\/\/www.youtube.com\/embed\/KLHcuhXjw90?feature=oembed\" frameborder=\"0\" allow=\"accelerometer; autoplay; clipboard-write; encrypted-media; gyroscope; picture-in-picture\" allowfullscreen><\/iframe><\/p>\n<p>In 1970 ontmoet ze Ulf Gruvberg. Beiden studeren musicologie in G\u00f6teborg en samen zoeken ze in Zweedse archieven naar bruikbaar materiaal. Ze maken, onder hun eigen namen, twee LP\u2019s, die wegens de vernieuwing niet unaniem enthousiast werden ontvangen.<br \/>\nDe tweede LP heet \u2018Folk och Rackare\u2019 en verschijnt in 1976. De naam van deze LP wordt tevens de naam van de groep, die bij de volgende LP \u2018Anno 1979\u2019 uitgebreid is met de Noren Jonny Soling, and J\u00f8rn Jensen.<br \/>\nRackarspel uit 1978 laat horen dat de nieuwe benadering van de Zweedse volksmuziek gelukt is.<\/p>\n<p><iframe loading=\"lazy\" title=\"Folk och Rackare rehearsal\" width=\"840\" height=\"473\" src=\"https:\/\/www.youtube.com\/embed\/vSG0b42FwAU?feature=oembed\" frameborder=\"0\" allow=\"accelerometer; autoplay; clipboard-write; encrypted-media; gyroscope; picture-in-picture\" allowfullscreen><\/iframe><\/p>\n<p>links:<\/p>\n<p><a href=\"https:\/\/www.newfolksounds.nl\/folk-och-rackare\/artikelen-nw\/meesterwerk\/2012\" target=\"_blank\" rel=\"noopener noreferrer\">New Folk Sounds over Rackarspel<\/a><\/p>\n<p><a href=\"https:\/\/en.wikipedia.org\/wiki\/Folk_och_Rackare\" target=\"_blank\" rel=\"noopener noreferrer\">wiki (engels)<\/a><\/p>\n<p><a href=\"https:\/\/mainlynorfolk.info\/folk\/records\/folkochrackare.html\" target=\"_blank\" rel=\"noopener noreferrer\">discografie<\/a><\/p>\n<p><a name=\"playlist\"><\/a>playlist:<\/p>\n<ol>\n<li><b>Folk Och Rackare<\/b>. V\u00e4nner och fr\u00e4nder. (<i>Rackarspel, 1978<\/i>; 04:43)<\/li>\n<li><b>Folk och Rackare<\/b>. Rull Efter Lars Istad, Voss. (<i>Anno 1979, 1979<\/i>; 01:48)<\/li>\n<li><b>Folk Och Rackare<\/b>. N\u00e4r Dom Jag Var P\u00e5 Mitt Artonde \u00c5. (<i>Anno 1979, 1979<\/i>; 04:57)<\/li>\n<li><b>Folk Och Rackare<\/b>. Vossarull av Ola Mosa-Finn. (<i>Tonkraft 1976-1977, 2013<\/i>; 03:44)<\/li>\n<li><b>Folk Och Rackare<\/b>. Haugebonden. (<i>Rackarspel, 1978<\/i>; 04:46)<\/li>\n<li><b>Folk Och Rackare<\/b>. En Sj\u00f6mansbrud Ska Bl\u00e5kl\u00e4dd G\u00e5. (<i>Rackarspel, 1978<\/i>; 02:05)<\/li>\n<li><b>Folk och Rackare<\/b>. De tv\u00e5 systrarna. (<i>Folk Och Rackare, 1976<\/i>; 04:58)<\/li>\n<li><b>Folk Och Rackare<\/b>. Inga Litimor. (<i>Rackbag, 1985<\/i>; 05:54)<\/li>\n<li><b>Folk Och Rackare<\/b>. Triolmarsch Fr\u00e5n Dalsland \/ Spader Fem. (<i>Rackbag, 1985<\/i>; 05:08)<\/li>\n<li><b>Folk och Rackare<\/b>. Ruben Ranzo. (<i>Anno 1979, 1979<\/i>; 02:15)<\/li>\n<li><b>Folk och Rackare<\/b>. L\u00e5ngdanser. (<i>Anno 1979, 1979<\/i>; 05:41)<\/li>\n<li><b>Folk Och Rackare<\/b>. F\u00f6r Redeliga M\u00e4n. (<i>Stj\u00e4rnh\u00e4sten, 1981<\/i>; 02:47)<\/li>\n<li><b>Folk Och Rackare<\/b>. Staffan han vattnade f\u00e5larna fem. (<i>Tonkraft 1976-1977, 2013<\/i>; 04:14)<\/li>\n<li><b>Folk och Rackare<\/b>. Silibrand. (<i>Anno 1979, 1979<\/i>; 05:49)<\/li>\n<li><b>Folk och Rackare<\/b>. Herr Olof och havsfrun. (<i>Folk Och Rackare, 1976<\/i>; 04:11)<\/li>\n<\/ol>\n<p><img loading=\"lazy\" decoding=\"async\" class=\"alignnone size-thumbnail wp-image-2549\" src=\"https:\/\/www.stokstaartje.nl\/mijn-folkit-blog\/wp-content\/uploads\/2020\/09\/01-150x150.jpg\" alt=\"\" width=\"150\" height=\"150\" srcset=\"https:\/\/www.stokstaartje.nl\/mijn-folkit-blog\/wp-content\/uploads\/2020\/09\/01-150x150.jpg 150w, https:\/\/www.stokstaartje.nl\/mijn-folkit-blog\/wp-content\/uploads\/2020\/09\/01-300x300.jpg 300w, https:\/\/www.stokstaartje.nl\/mijn-folkit-blog\/wp-content\/uploads\/2020\/09\/01.jpg 600w\" sizes=\"auto, (max-width: 150px) 85vw, 150px\" \/> <img loading=\"lazy\" decoding=\"async\" class=\"alignnone size-thumbnail wp-image-2550\" src=\"https:\/\/www.stokstaartje.nl\/mijn-folkit-blog\/wp-content\/uploads\/2020\/09\/02-150x150.jpg\" alt=\"\" width=\"150\" height=\"150\" srcset=\"https:\/\/www.stokstaartje.nl\/mijn-folkit-blog\/wp-content\/uploads\/2020\/09\/02-150x150.jpg 150w, https:\/\/www.stokstaartje.nl\/mijn-folkit-blog\/wp-content\/uploads\/2020\/09\/02-300x297.jpg 300w, https:\/\/www.stokstaartje.nl\/mijn-folkit-blog\/wp-content\/uploads\/2020\/09\/02.jpg 600w\" sizes=\"auto, (max-width: 150px) 85vw, 150px\" \/>\u00a0 <img loading=\"lazy\" decoding=\"async\" class=\"alignnone size-thumbnail wp-image-2551\" src=\"https:\/\/www.stokstaartje.nl\/mijn-folkit-blog\/wp-content\/uploads\/2020\/09\/03-150x150.jpg\" alt=\"\" width=\"150\" height=\"150\" srcset=\"https:\/\/www.stokstaartje.nl\/mijn-folkit-blog\/wp-content\/uploads\/2020\/09\/03-150x150.jpg 150w, https:\/\/www.stokstaartje.nl\/mijn-folkit-blog\/wp-content\/uploads\/2020\/09\/03-300x300.jpg 300w, https:\/\/www.stokstaartje.nl\/mijn-folkit-blog\/wp-content\/uploads\/2020\/09\/03.jpg 600w\" sizes=\"auto, (max-width: 150px) 85vw, 150px\" \/><\/p>\n<p><img loading=\"lazy\" decoding=\"async\" class=\"alignnone size-thumbnail wp-image-2552\" src=\"https:\/\/www.stokstaartje.nl\/mijn-folkit-blog\/wp-content\/uploads\/2020\/09\/04-150x150.jpg\" alt=\"\" width=\"150\" height=\"150\" srcset=\"https:\/\/www.stokstaartje.nl\/mijn-folkit-blog\/wp-content\/uploads\/2020\/09\/04-150x150.jpg 150w, https:\/\/www.stokstaartje.nl\/mijn-folkit-blog\/wp-content\/uploads\/2020\/09\/04-300x300.jpg 300w, https:\/\/www.stokstaartje.nl\/mijn-folkit-blog\/wp-content\/uploads\/2020\/09\/04.jpg 450w\" sizes=\"auto, (max-width: 150px) 85vw, 150px\" \/> <img loading=\"lazy\" decoding=\"async\" class=\"alignnone size-thumbnail wp-image-2553\" src=\"https:\/\/www.stokstaartje.nl\/mijn-folkit-blog\/wp-content\/uploads\/2020\/09\/05-150x150.jpg\" alt=\"\" width=\"150\" height=\"150\" srcset=\"https:\/\/www.stokstaartje.nl\/mijn-folkit-blog\/wp-content\/uploads\/2020\/09\/05-150x150.jpg 150w, https:\/\/www.stokstaartje.nl\/mijn-folkit-blog\/wp-content\/uploads\/2020\/09\/05-300x300.jpg 300w, https:\/\/www.stokstaartje.nl\/mijn-folkit-blog\/wp-content\/uploads\/2020\/09\/05.jpg 600w\" sizes=\"auto, (max-width: 150px) 85vw, 150px\" \/>\u00a0 <img loading=\"lazy\" decoding=\"async\" class=\"alignnone size-thumbnail wp-image-2554\" src=\"https:\/\/www.stokstaartje.nl\/mijn-folkit-blog\/wp-content\/uploads\/2020\/09\/06-150x150.jpg\" alt=\"\" width=\"150\" height=\"150\" srcset=\"https:\/\/www.stokstaartje.nl\/mijn-folkit-blog\/wp-content\/uploads\/2020\/09\/06-150x150.jpg 150w, https:\/\/www.stokstaartje.nl\/mijn-folkit-blog\/wp-content\/uploads\/2020\/09\/06.jpg 300w\" sizes=\"auto, (max-width: 150px) 85vw, 150px\" \/><\/p>\n<p><img loading=\"lazy\" decoding=\"async\" class=\"alignnone size-thumbnail wp-image-2558\" src=\"https:\/\/www.stokstaartje.nl\/mijn-folkit-blog\/wp-content\/uploads\/2020\/09\/07-150x150.jpg\" alt=\"\" width=\"150\" height=\"150\" srcset=\"https:\/\/www.stokstaartje.nl\/mijn-folkit-blog\/wp-content\/uploads\/2020\/09\/07-150x150.jpg 150w, https:\/\/www.stokstaartje.nl\/mijn-folkit-blog\/wp-content\/uploads\/2020\/09\/07-300x300.jpg 300w, https:\/\/www.stokstaartje.nl\/mijn-folkit-blog\/wp-content\/uploads\/2020\/09\/07.jpg 500w\" sizes=\"auto, (max-width: 150px) 85vw, 150px\" \/><\/p>\n","protected":false},"excerpt":{"rendered":"<p>ga naar de playlist Vandaag in FolkIt! aandacht voor Folk och Rackare: een van de belangrijkste Scandinavische folk groepen uit de jaren zeventig. De groep was een inspiratiebron voor veel Scandinavische groepen. We beginnen deze aflevering met V\u00e4nner och fr\u00e4nder, dat in een versie van Garmarna te horen was in een van de vorige afleveringen &hellip; <a href=\"https:\/\/www.stokstaartje.nl\/mijn-folkit-blog\/2020\/09\/27\/folkit-11-oktober-2020-folk-och-rackare\/\" class=\"more-link\">Lees verder <span class=\"screen-reader-text\">&#8220;FolkIt, 11 oktober 2020: Folk och Rackare&#8221;<\/span><\/a><\/p>\n","protected":false},"author":1,"featured_media":0,"comment_status":"open","ping_status":"open","sticky":false,"template":"","format":"standard","meta":{"footnotes":""},"categories":[1],"tags":[],"class_list":["post-2538","post","type-post","status-publish","format-standard","hentry","category-geen-categorie"],"_links":{"self":[{"href":"https:\/\/www.stokstaartje.nl\/mijn-folkit-blog\/wp-json\/wp\/v2\/posts\/2538","targetHints":{"allow":["GET"]}}],"collection":[{"href":"https:\/\/www.stokstaartje.nl\/mijn-folkit-blog\/wp-json\/wp\/v2\/posts"}],"about":[{"href":"https:\/\/www.stokstaartje.nl\/mijn-folkit-blog\/wp-json\/wp\/v2\/types\/post"}],"author":[{"embeddable":true,"href":"https:\/\/www.stokstaartje.nl\/mijn-folkit-blog\/wp-json\/wp\/v2\/users\/1"}],"replies":[{"embeddable":true,"href":"https:\/\/www.stokstaartje.nl\/mijn-folkit-blog\/wp-json\/wp\/v2\/comments?post=2538"}],"version-history":[{"count":11,"href":"https:\/\/www.stokstaartje.nl\/mijn-folkit-blog\/wp-json\/wp\/v2\/posts\/2538\/revisions"}],"predecessor-version":[{"id":2588,"href":"https:\/\/www.stokstaartje.nl\/mijn-folkit-blog\/wp-json\/wp\/v2\/posts\/2538\/revisions\/2588"}],"wp:attachment":[{"href":"https:\/\/www.stokstaartje.nl\/mijn-folkit-blog\/wp-json\/wp\/v2\/media?parent=2538"}],"wp:term":[{"taxonomy":"category","embeddable":true,"href":"https:\/\/www.stokstaartje.nl\/mijn-folkit-blog\/wp-json\/wp\/v2\/categories?post=2538"},{"taxonomy":"post_tag","embeddable":true,"href":"https:\/\/www.stokstaartje.nl\/mijn-folkit-blog\/wp-json\/wp\/v2\/tags?post=2538"}],"curies":[{"name":"wp","href":"https:\/\/api.w.org\/{rel}","templated":true}]}}