{"id":1205,"date":"2019-01-16T02:17:39","date_gmt":"2019-01-16T01:17:39","guid":{"rendered":"https:\/\/www.stokstaartje.nl\/mijn-folkit-blog\/?p=1205"},"modified":"2024-10-27T19:27:19","modified_gmt":"2024-10-27T18:27:19","slug":"folkit-31-januari-2019-kreta-1950-1990","status":"publish","type":"post","link":"https:\/\/www.stokstaartje.nl\/mijn-folkit-blog\/2019\/01\/16\/folkit-31-januari-2019-kreta-1950-1990\/","title":{"rendered":"FolkIt, 31 januari 2019: Kreta 1950- 1990"},"content":{"rendered":"\r\n<p>* <a href=\"#playlist\">playlist van het uit te zenden programma<\/a><\/p>\r\n\r\n\r\n\r\n<p>beluister het programma:<\/p>\r\n\r\n\r\n<audio class=\"wp-audio-shortcode\" id=\"audio-1205-1\" preload=\"none\" style=\"width: 100%;\" controls=\"controls\"><source type=\"audio\/mpeg\" src=\"https:\/\/www.stokstaartje.nl\/mijn-folkit-blog\/radio\/20190131.mp3?_=1\" \/><a href=\"https:\/\/www.stokstaartje.nl\/mijn-folkit-blog\/radio\/20190131.mp3\">https:\/\/www.stokstaartje.nl\/mijn-folkit-blog\/radio\/20190131.mp3<\/a><\/audio>\n\r\n<p>Vandaag in FolkIt! muziek van het Griekse eiland Kreta met opnamen uit de tweede helft van de vorige eeuw, dus vanaf de jaren \u201950 tot de jaren \u201990. Het eerste stuk, To Gr\u00e1mma van Sp\u00fdros Sifogiorg\u00e1kis, is net als de meeste andere stukken in dit programma, te vinden is in een CD-box uit 2002. Daarop veel van de belangrijkste vertolkers van Kretenzische muziek, geselecteerd door <a href=\"https:\/\/www.jakoblambertsen.dk\/Homepage\/Download-File\/f\/1060555\/h\/078a1495838828103951a7261f72bf37\/Interview+with+Andreas+Aerakis\">Stelios Aerakis<\/a>. [<a href=\"https:\/\/www.aerakis.net\/\">website<\/a>] Verder met 3 stukken van 3 leden van de familie Xil\u00f3uris, te beginnen met <a href=\"https:\/\/en.wikipedia.org\/wiki\/Nikos_Xilouris\">Nikos<\/a>: onderwerp van een van de vorige FolkIts. Van hem hoort u Ta logia kai ta chronia, een compositie van <a href=\"https:\/\/en.wikipedia.org\/wiki\/Yannis_Markopoulos\">Yannis Markopoulos<\/a>. Aan het eind van dit programma hoort u hetzelfde stuk in een andere uitvoering.<br \/>De tweede helft van de vorige eeuw: een roerige periode met tussen 1967 en 1974 de dictatuur van het zogenaamde kolonelsregime. Ook een periode waarin de muziek van Kreta zich sterk ontwikkelde en ook in de rest van Griekenland en ver daarbuiten belangstelling ontstond.<br \/><a href=\"https:\/\/en.wikipedia.org\/wiki\/Kostas_Mountakis\">Kostas Mountakis<\/a> is een van de bekendste zangers van Kreta. Hij speelt ook lyra: een rechtopstaande viool die veel te horen is in de muziek van Kreta. Hij is er mee verantwoordelijk voor dat het mogelijk werd op het conservatorium van Athene lyra te studeren. (<a href=\"https:\/\/www.stokstaartje.nl\/mijn-folkit-blog\/2017\/08\/31\/folkit-14-september-2017-kreta\/\">special FolkIt over vader en zoon Mountakis<\/a>)<br \/>Het derde en laatste deel, met recentere opnamen van onder meer Psarantonis, Giorgos Xilouris en Ross Daly, hoort u op 30 mei.<\/p>\r\n<p><a name=\"playlist\"><\/a>playlist:<\/p>\r\n<ol>\r\n<li><b>Sp\u00fdros Sifogiorg\u00e1kis<\/b>. To Gr\u00e1mma. (<i>40 Xronia, 2002<\/i>; 03:09)<\/li>\r\n<li><b>Nikos Xylouris<\/b>. Ta logia kai ta chronia. (<i>Tou Chronou Ta Gyrismata, 2005<\/i>; 04:24)<\/li>\r\n<li><b>Yiannis Xilouris<\/b>. I amigdalia. (<i>40 Xronia Yiannis Xilouris, 1995<\/i>; 03:21)<\/li>\r\n<li><b>Psarantonis<\/b>. Kontylies 1965-75. (<i>30 Xronia Psarantonis, 1995<\/i>; 07:40)<\/li>\r\n<li><b>Nikiforos Aerakis<\/b>. Anogeianes kontylies. (<i>Vradies Arolithou (original live recordings), 2004<\/i>; 06:00)<\/li>\r\n<li><b>Char\u00e1lampos Garganour\u00e1kis<\/b>. Mi Me Rot\u00e1s. (<i>40 Chr\u00f3nia Kritik\u00ed Mousik\u00ed, 2002<\/i>; 03:26)<\/li>\r\n<li><b>Kostas Mountakis<\/b>. Oi Meraklides. (<i>Kritiki Paradosi: 35 Leventika Kritika Tragoudia , 2017<\/i>; 02:49)<\/li>\r\n<li><b>Stelios Mpikakis<\/b>. Dermitzogiannis. (<i>Kritiki Paradosi: 35 Leventika Kritika Tragoudia , 2017<\/i>; 04:36)<\/li>\r\n<li><b>Nikos Manias<\/b>. Adilaloi tou Psiloreiti. (<i>40 years, 1995<\/i>; 06:03)<\/li>\r\n<li><b>Giorgis Kalomoiris<\/b>. oi filenades. (<i>40 chronia- SA018, 1995<\/i>; 02:37)<\/li>\r\n<li><b>Giorgis Avissinos<\/b>. So\u00fasta. (<i>Giorgis Avissinos &#8211; 40 years, 2002<\/i>; 03:23)<\/li>\r\n<li><b>Basilis Skoulas<\/b>. Zaharozymomeni Mou. (<i>Kritiki Paradosi: 35 Leventika Kritika Tragoudia , 2017<\/i>; 03:05)<\/li>\r\n<li><b>Charalabos Garganourakis<\/b>. Astra mi me malonete. (<i>Kritika Klasika 1, 1994<\/i>; 04:20)<\/li>\r\n<li><b>Char\u00e1lampos Garganour\u00e1kis<\/b>. Ta L\u00f3gia Kai Ta Chr\u00f3nia. (<i>40 Chr\u00f3nia Kritik\u00ed Mousik\u00ed, 2002<\/i>; 04:45)<\/li>\r\n<\/ol>\r\n<p>&nbsp;<\/p>\r\n\r\n<ul class=\"wp-block-gallery columns-3 is-cropped wp-block-gallery-1 is-layout-flex wp-block-gallery-is-layout-flex\">\r\n<li class=\"blocks-gallery-item\">\r\n<figure><img loading=\"lazy\" decoding=\"async\" width=\"500\" height=\"456\" class=\"wp-image-1353\" src=\"https:\/\/www.stokstaartje.nl\/mijn-folkit-blog\/wp-content\/uploads\/2019\/02\/Adilaloi-tou-Psiloreiti.jpg\" alt=\"\" data-id=\"1353\" data-link=\"https:\/\/www.stokstaartje.nl\/mijn-folkit-blog\/2019\/01\/16\/folkit-31-januari-2019-kreta-1950-1990\/adilaloi-tou-psiloreiti-2\/\" srcset=\"https:\/\/www.stokstaartje.nl\/mijn-folkit-blog\/wp-content\/uploads\/2019\/02\/Adilaloi-tou-Psiloreiti.jpg 500w, https:\/\/www.stokstaartje.nl\/mijn-folkit-blog\/wp-content\/uploads\/2019\/02\/Adilaloi-tou-Psiloreiti-300x274.jpg 300w\" sizes=\"auto, (max-width: 500px) 85vw, 500px\" \/><\/figure>\r\n<\/li>\r\n<li class=\"blocks-gallery-item\">\r\n<figure><img loading=\"lazy\" decoding=\"async\" width=\"500\" height=\"500\" class=\"wp-image-1354\" src=\"https:\/\/www.stokstaartje.nl\/mijn-folkit-blog\/wp-content\/uploads\/2019\/02\/Anogeianes-kontylies.jpg\" alt=\"\" data-id=\"1354\" data-link=\"https:\/\/www.stokstaartje.nl\/mijn-folkit-blog\/2019\/01\/16\/folkit-31-januari-2019-kreta-1950-1990\/anogeianes-kontylies-2\/\" srcset=\"https:\/\/www.stokstaartje.nl\/mijn-folkit-blog\/wp-content\/uploads\/2019\/02\/Anogeianes-kontylies.jpg 500w, https:\/\/www.stokstaartje.nl\/mijn-folkit-blog\/wp-content\/uploads\/2019\/02\/Anogeianes-kontylies-150x150.jpg 150w, https:\/\/www.stokstaartje.nl\/mijn-folkit-blog\/wp-content\/uploads\/2019\/02\/Anogeianes-kontylies-300x300.jpg 300w\" sizes=\"auto, (max-width: 500px) 85vw, 500px\" \/><\/figure>\r\n<\/li>\r\n<li class=\"blocks-gallery-item\">\r\n<figure><img loading=\"lazy\" decoding=\"async\" width=\"500\" height=\"496\" class=\"wp-image-1355\" src=\"https:\/\/www.stokstaartje.nl\/mijn-folkit-blog\/wp-content\/uploads\/2019\/02\/Oi.jpg\" alt=\"\" data-id=\"1355\" data-link=\"https:\/\/www.stokstaartje.nl\/mijn-folkit-blog\/2019\/01\/16\/folkit-31-januari-2019-kreta-1950-1990\/oi-2\/\" srcset=\"https:\/\/www.stokstaartje.nl\/mijn-folkit-blog\/wp-content\/uploads\/2019\/02\/Oi.jpg 500w, https:\/\/www.stokstaartje.nl\/mijn-folkit-blog\/wp-content\/uploads\/2019\/02\/Oi-150x150.jpg 150w, https:\/\/www.stokstaartje.nl\/mijn-folkit-blog\/wp-content\/uploads\/2019\/02\/Oi-300x298.jpg 300w\" sizes=\"auto, (max-width: 500px) 85vw, 500px\" \/><\/figure>\r\n<\/li>\r\n<li class=\"blocks-gallery-item\">\r\n<figure><img loading=\"lazy\" decoding=\"async\" width=\"300\" height=\"300\" class=\"wp-image-1356\" src=\"https:\/\/www.stokstaartje.nl\/mijn-folkit-blog\/wp-content\/uploads\/2019\/02\/oi-filenades-2.jpg\" alt=\"\" data-id=\"1356\" data-link=\"https:\/\/www.stokstaartje.nl\/mijn-folkit-blog\/2019\/01\/16\/folkit-31-januari-2019-kreta-1950-1990\/oi-filenades-2-2\/\" srcset=\"https:\/\/www.stokstaartje.nl\/mijn-folkit-blog\/wp-content\/uploads\/2019\/02\/oi-filenades-2.jpg 300w, https:\/\/www.stokstaartje.nl\/mijn-folkit-blog\/wp-content\/uploads\/2019\/02\/oi-filenades-2-150x150.jpg 150w\" sizes=\"auto, (max-width: 300px) 85vw, 300px\" \/><\/figure>\r\n<\/li>\r\n<li class=\"blocks-gallery-item\">\r\n<figure><img loading=\"lazy\" decoding=\"async\" width=\"500\" height=\"499\" class=\"wp-image-1357\" src=\"https:\/\/www.stokstaartje.nl\/mijn-folkit-blog\/wp-content\/uploads\/2019\/02\/Oi-Meraklides.jpg\" alt=\"\" data-id=\"1357\" data-link=\"https:\/\/www.stokstaartje.nl\/mijn-folkit-blog\/2019\/01\/16\/folkit-31-januari-2019-kreta-1950-1990\/oi-meraklides-2\/\" srcset=\"https:\/\/www.stokstaartje.nl\/mijn-folkit-blog\/wp-content\/uploads\/2019\/02\/Oi-Meraklides.jpg 500w, https:\/\/www.stokstaartje.nl\/mijn-folkit-blog\/wp-content\/uploads\/2019\/02\/Oi-Meraklides-150x150.jpg 150w, https:\/\/www.stokstaartje.nl\/mijn-folkit-blog\/wp-content\/uploads\/2019\/02\/Oi-Meraklides-300x300.jpg 300w\" sizes=\"auto, (max-width: 500px) 85vw, 500px\" \/><\/figure>\r\n<\/li>\r\n<li class=\"blocks-gallery-item\">\r\n<figure><img loading=\"lazy\" decoding=\"async\" width=\"292\" height=\"292\" class=\"wp-image-1358\" src=\"https:\/\/www.stokstaartje.nl\/mijn-folkit-blog\/wp-content\/uploads\/2019\/02\/Ta-logia-kai-ta-chronia.jpg\" alt=\"\" data-id=\"1358\" data-link=\"https:\/\/www.stokstaartje.nl\/mijn-folkit-blog\/2019\/01\/16\/folkit-31-januari-2019-kreta-1950-1990\/ta-logia-kai-ta-chronia-2\/\" srcset=\"https:\/\/www.stokstaartje.nl\/mijn-folkit-blog\/wp-content\/uploads\/2019\/02\/Ta-logia-kai-ta-chronia.jpg 292w, https:\/\/www.stokstaartje.nl\/mijn-folkit-blog\/wp-content\/uploads\/2019\/02\/Ta-logia-kai-ta-chronia-150x150.jpg 150w\" sizes=\"auto, (max-width: 292px) 85vw, 292px\" \/><\/figure>\r\n<\/li>\r\n<\/ul>\r\n","protected":false},"excerpt":{"rendered":"<p>* playlist van het uit te zenden programma beluister het programma: Vandaag in FolkIt! muziek van het Griekse eiland Kreta met opnamen uit de tweede helft van de vorige eeuw, dus vanaf de jaren \u201950 tot de jaren \u201990. Het eerste stuk, To Gr\u00e1mma van Sp\u00fdros Sifogiorg\u00e1kis, is net als de meeste andere stukken in &hellip; <a href=\"https:\/\/www.stokstaartje.nl\/mijn-folkit-blog\/2019\/01\/16\/folkit-31-januari-2019-kreta-1950-1990\/\" class=\"more-link\">Lees verder <span class=\"screen-reader-text\">&#8220;FolkIt, 31 januari 2019: Kreta 1950- 1990&#8221;<\/span><\/a><\/p>\n","protected":false},"author":1,"featured_media":0,"comment_status":"closed","ping_status":"open","sticky":false,"template":"","format":"standard","meta":{"footnotes":""},"categories":[1],"tags":[],"class_list":["post-1205","post","type-post","status-publish","format-standard","hentry","category-geen-categorie"],"_links":{"self":[{"href":"https:\/\/www.stokstaartje.nl\/mijn-folkit-blog\/wp-json\/wp\/v2\/posts\/1205","targetHints":{"allow":["GET"]}}],"collection":[{"href":"https:\/\/www.stokstaartje.nl\/mijn-folkit-blog\/wp-json\/wp\/v2\/posts"}],"about":[{"href":"https:\/\/www.stokstaartje.nl\/mijn-folkit-blog\/wp-json\/wp\/v2\/types\/post"}],"author":[{"embeddable":true,"href":"https:\/\/www.stokstaartje.nl\/mijn-folkit-blog\/wp-json\/wp\/v2\/users\/1"}],"replies":[{"embeddable":true,"href":"https:\/\/www.stokstaartje.nl\/mijn-folkit-blog\/wp-json\/wp\/v2\/comments?post=1205"}],"version-history":[{"count":9,"href":"https:\/\/www.stokstaartje.nl\/mijn-folkit-blog\/wp-json\/wp\/v2\/posts\/1205\/revisions"}],"predecessor-version":[{"id":3318,"href":"https:\/\/www.stokstaartje.nl\/mijn-folkit-blog\/wp-json\/wp\/v2\/posts\/1205\/revisions\/3318"}],"wp:attachment":[{"href":"https:\/\/www.stokstaartje.nl\/mijn-folkit-blog\/wp-json\/wp\/v2\/media?parent=1205"}],"wp:term":[{"taxonomy":"category","embeddable":true,"href":"https:\/\/www.stokstaartje.nl\/mijn-folkit-blog\/wp-json\/wp\/v2\/categories?post=1205"},{"taxonomy":"post_tag","embeddable":true,"href":"https:\/\/www.stokstaartje.nl\/mijn-folkit-blog\/wp-json\/wp\/v2\/tags?post=1205"}],"curies":[{"name":"wp","href":"https:\/\/api.w.org\/{rel}","templated":true}]}}